{"id":1239,"date":"2019-09-03T20:49:56","date_gmt":"2019-09-03T18:49:56","guid":{"rendered":"http:\/\/ceradecolores.com\/blog\/?p=1239"},"modified":"2019-09-03T20:55:25","modified_gmt":"2019-09-03T18:55:25","slug":"receta-galletas-de-avena-y-chocolate","status":"publish","type":"post","link":"http:\/\/ceradecolores.com\/blog\/2019\/09\/03\/receta-galletas-de-avena-y-chocolate\/","title":{"rendered":"Receta: Galletas de avena y chocolate"},"content":{"rendered":"<p>Despu\u00e9s de mi ausencia os traigo una receta de unas galletas de avena y chocolate muy ricas para animaros la vuelta al cole.\u00a0<!--more--><\/p>\n<p>Ante todo pediros disculpas por mi ausencia de estos meses, y sobre todo no haber podido responder a vuestros comentarios hasta hoy (no me llegaron los avisos y al no entrar con frecuencia no los vi). En ocasiones una no puede abarcar todo lo que le gustar\u00eda y est\u00e1 bien saber escucharse y darse cuenta de que necesitamos una pausa temporal en algunos aspectos de tu vida.<\/p>\n<p>Desde que la peque empez\u00f3 en el cole aunque parezca incre\u00edble dispongo de mucho menos tiempo as\u00ed que tuve que prescindir de la redacci\u00f3n de art\u00edculos para el blog y centrarme solamente en los talleres, en ella y en sobrevivir b\u00e1sicamente.<\/p>\n<p>Con la vuelta al cole vuelve la preparaci\u00f3n de meriendas tratando de ser lo m\u00e1s saludables posibles, y tambi\u00e9n que les guste. Que coincidan las dos cosas en bastante complicado en ocasiones pero con estas galletas nunca hubo quejas. \u00bfPodr\u00edan ser m\u00e1s saludables quit\u00e1ndole algunos ingredientes? S\u00ed, pero para una vez a la semana pueden estar muy bien y con toda certeza son mucho m\u00e1s saludables que las t\u00edpicas galletas procesadas. Adem\u00e1s, siempre las mando acompa\u00f1adas de una pieza de fruta, yogur o zanahorias cortadas.<\/p>\n<p>S\u00e9 que el tiempo escasea pero puede ser una actividad chula para hacer con tu peque un ratito una tarde o el domingo como preparaci\u00f3n para el cole.<\/p>\n<p>Y os dir\u00e9, que aunque no sea para el o la peque, os aseguro que est\u00e1n riqu\u00edsimas acompa\u00f1ando la infusi\u00f3n o el caf\u00e9.<\/p>\n<p>La receta me la han pedido much\u00edsimas personas que ya han probado estas galletas tan ricas as\u00ed que os la comparto aqu\u00ed en el blog para que llegue a cu\u00e1ntas m\u00e1s personas mejor. Y a la vez agradezco a la mam\u00e1 que me las descubri\u00f3.<\/p>\n<p>\u00a1Si te gusta comparte!<\/p>\n<p><img loading=\"lazy\" decoding=\"async\" class=\"size-medium wp-image-1308 aligncenter\" src=\"http:\/\/ceradecolores.com\/blog\/wp-content\/uploads\/2018\/07\/galletas_avena2_ceradecolores_BLOG-840x560.jpg\" alt=\"galletas avena y chocolate\" width=\"840\" height=\"560\" srcset=\"http:\/\/ceradecolores.com\/blog\/wp-content\/uploads\/2018\/07\/galletas_avena2_ceradecolores_BLOG-840x560.jpg 840w, http:\/\/ceradecolores.com\/blog\/wp-content\/uploads\/2018\/07\/galletas_avena2_ceradecolores_BLOG-768x512.jpg 768w, http:\/\/ceradecolores.com\/blog\/wp-content\/uploads\/2018\/07\/galletas_avena2_ceradecolores_BLOG-900x600.jpg 900w, http:\/\/ceradecolores.com\/blog\/wp-content\/uploads\/2018\/07\/galletas_avena2_ceradecolores_BLOG.jpg 1024w\" sizes=\"(max-width: 840px) 100vw, 840px\" \/><\/p>\n<p>&nbsp;<\/p>\n<h4><span style=\"color: #0000ff;\">Ingredientes:<\/span><\/h4>\n<ul>\n<li>100 gr. mantequilla<\/li>\n<li>70 gr. panela<\/li>\n<li>1 huevo<\/li>\n<li>1 cucharada sopera de leche de avena<\/li>\n<li>150 gr. de harina de espelta<\/li>\n<li>1\/2 cucharadita de bicarbonato<\/li>\n<li>1\/2 cucharadita de levadura<\/li>\n<li>Ralladura de 1\/2 lim\u00f3n<\/li>\n<li>100 gr. de copos de avena<\/li>\n<li>Cachitos de chocolate negro o pepitas (opcional).<\/li>\n<\/ul>\n<p>&nbsp;<\/p>\n<h4><span style=\"color: #0000ff;\">Preparaci\u00f3n:<\/span><\/h4>\n<ul>\n<li>Precalienta el horno a 180 \u00baC.<\/li>\n<li>Derrite la mantequilla y m\u00e9zclala con la panela y el huevo.<\/li>\n<li>A\u00f1ade los ingredientes restantes (la harina, el bicarbonato, la levadura y la ralladura del medio lim\u00f3n) menos la avena y la cucharada de leche de avena. Mezcla bien.<\/li>\n<li>Por \u00faltimo la avena y ya vas a ver que necesita un poco de l\u00edquido para mezclarse bien. Con esa cucharada sopera de leche ser\u00e1 suficiente.<\/li>\n<li>Puedes a\u00f1adir aqu\u00ed el chocolate.<\/li>\n<li>Haz las formas de galleta con las manos y ponlas en la bandeja del horno.<\/li>\n<li>Horn\u00e9alas a 180\u00baC durante 13 minutos (depende del horno, en el m\u00edo son entre 13 y 15 min.) M\u00e1s tiempo m\u00e1s crujientes pero ten cuidado con no pasarte sino saben a quemado.<\/li>\n<li>Cuando est\u00e9n listas s\u00e1calas del horno y ponlos en una rejilla para enfriar.<\/li>\n<li>Y a \u00a1comerlas!<\/li>\n<\/ul>\n<p><img loading=\"lazy\" decoding=\"async\" class=\"size-medium wp-image-1309 aligncenter\" src=\"http:\/\/ceradecolores.com\/blog\/wp-content\/uploads\/2019\/09\/galletas_avena_ceradecolores_BLOG-840x560.jpg\" alt=\"galletas avena y chocolate\" width=\"840\" height=\"560\" srcset=\"http:\/\/ceradecolores.com\/blog\/wp-content\/uploads\/2019\/09\/galletas_avena_ceradecolores_BLOG-840x560.jpg 840w, http:\/\/ceradecolores.com\/blog\/wp-content\/uploads\/2019\/09\/galletas_avena_ceradecolores_BLOG-768x512.jpg 768w, http:\/\/ceradecolores.com\/blog\/wp-content\/uploads\/2019\/09\/galletas_avena_ceradecolores_BLOG-900x600.jpg 900w, http:\/\/ceradecolores.com\/blog\/wp-content\/uploads\/2019\/09\/galletas_avena_ceradecolores_BLOG.jpg 1024w\" sizes=\"(max-width: 840px) 100vw, 840px\" \/><\/p>\n<p>&nbsp;<\/p>\n<p>Espero que os gusten y que me dig\u00e1is vuestra opini\u00f3n. Estar\u00e9 atenta a los comentarios, \u00a1prometido!<\/p>\n<p><span style=\"color: #0000ff;\"><em>\u00bfQu\u00e9 meriendas le mand\u00e1is a los y las peques para el cole?<\/em><\/span><\/p>\n<p>&nbsp;<\/p>\n","protected":false},"excerpt":{"rendered":"<p>Despu\u00e9s de mi ausencia os traigo una receta de unas galletas de avena y chocolate muy ricas para animaros la vuelta al cole.\u00a0<\/p>\n","protected":false},"author":1,"featured_media":1313,"comment_status":"open","ping_status":"open","sticky":false,"template":"","format":"standard","meta":{"footnotes":""},"categories":[2],"tags":[10,91,230,229],"_links":{"self":[{"href":"http:\/\/ceradecolores.com\/blog\/wp-json\/wp\/v2\/posts\/1239"}],"collection":[{"href":"http:\/\/ceradecolores.com\/blog\/wp-json\/wp\/v2\/posts"}],"about":[{"href":"http:\/\/ceradecolores.com\/blog\/wp-json\/wp\/v2\/types\/post"}],"author":[{"embeddable":true,"href":"http:\/\/ceradecolores.com\/blog\/wp-json\/wp\/v2\/users\/1"}],"replies":[{"embeddable":true,"href":"http:\/\/ceradecolores.com\/blog\/wp-json\/wp\/v2\/comments?post=1239"}],"version-history":[{"count":3,"href":"http:\/\/ceradecolores.com\/blog\/wp-json\/wp\/v2\/posts\/1239\/revisions"}],"predecessor-version":[{"id":1312,"href":"http:\/\/ceradecolores.com\/blog\/wp-json\/wp\/v2\/posts\/1239\/revisions\/1312"}],"wp:featuredmedia":[{"embeddable":true,"href":"http:\/\/ceradecolores.com\/blog\/wp-json\/wp\/v2\/media\/1313"}],"wp:attachment":[{"href":"http:\/\/ceradecolores.com\/blog\/wp-json\/wp\/v2\/media?parent=1239"}],"wp:term":[{"taxonomy":"category","embeddable":true,"href":"http:\/\/ceradecolores.com\/blog\/wp-json\/wp\/v2\/categories?post=1239"},{"taxonomy":"post_tag","embeddable":true,"href":"http:\/\/ceradecolores.com\/blog\/wp-json\/wp\/v2\/tags?post=1239"}],"curies":[{"name":"wp","href":"https:\/\/api.w.org\/{rel}","templated":true}]}}