{"id":564,"date":"2017-04-07T12:03:46","date_gmt":"2017-04-07T10:03:46","guid":{"rendered":"http:\/\/ceradecolores.com\/blog\/?p=564"},"modified":"2017-12-19T01:53:28","modified_gmt":"2017-12-19T00:53:28","slug":"calendario-semanal-cera-colores","status":"publish","type":"post","link":"http:\/\/ceradecolores.com\/blog\/2017\/04\/07\/calendario-semanal-cera-colores\/","title":{"rendered":"Calendario semanal Cera de Colores"},"content":{"rendered":"<p>Hoy quiero presentarte el calendario semanal que he dise\u00f1ado para Cera de Colores.<!--more--><\/p>\n<p>Le he estado dando muchas vueltas a c\u00f3mo transmitir el paso del tiempo a Estrella. \u00a0A\u00fan es peque\u00f1ita as\u00ed que el calendario anual me parec\u00eda demasiado complejo para ella por lo que quise hacer algo que abarcara menos tiempo y que a la vez, le sirviera para jugar de manera libre.<\/p>\n<p>Teniendo esto en mente dise\u00f1\u00e9 un calendario semanal.<\/p>\n<p>Este calendario consta de 7 casitas, 5 m\u00e1s peque\u00f1as y 2 m\u00e1s grandes que representan el fin de semana, y de 7 nins. Cada casa y cada nin est\u00e1 pintado seg\u00fan el color que emplea la Pedagog\u00eda Waldorf para cada d\u00eda de la semana. Estos colores se relacionan con el planeta que representa.<\/p>\n<p><img loading=\"lazy\" decoding=\"async\" class=\"size-medium wp-image-599 aligncenter\" src=\"http:\/\/ceradecolores.com\/blog\/wp-content\/uploads\/2017\/04\/CALENDARIO_CASAS3_CERADECOLORES_BLOG-840x560.jpg\" alt=\"\" width=\"840\" height=\"560\" srcset=\"http:\/\/ceradecolores.com\/blog\/wp-content\/uploads\/2017\/04\/CALENDARIO_CASAS3_CERADECOLORES_BLOG-840x560.jpg 840w, http:\/\/ceradecolores.com\/blog\/wp-content\/uploads\/2017\/04\/CALENDARIO_CASAS3_CERADECOLORES_BLOG-768x512.jpg 768w, http:\/\/ceradecolores.com\/blog\/wp-content\/uploads\/2017\/04\/CALENDARIO_CASAS3_CERADECOLORES_BLOG-900x600.jpg 900w, http:\/\/ceradecolores.com\/blog\/wp-content\/uploads\/2017\/04\/CALENDARIO_CASAS3_CERADECOLORES_BLOG.jpg 1200w\" sizes=\"(max-width: 840px) 100vw, 840px\" \/><\/p>\n<p>Tiene una base sobre la que van situadas las casitas y enfrente de cada una hay un hueco\u00a0para situar al nin correspondiente al d\u00eda que representa la casa. En un lateral hay 6 huecos para guardar los nins cuando sea por ejemplo lunes y los dem\u00e1s est\u00e9n esperando su d\u00eda. \u00a0De este modo el ni\u00f1o los tiene visualmente presentes a todos e ir\u00e1 cogiendo cada d\u00eda uno hasta completar la semana.<\/p>\n<p>Lo podr\u00e1s convertir en un ritual, en algo que repetir\u00e9is cada ma\u00f1ana.<\/p>\n<p>En la siguiente fotograf\u00eda, por ejemplo, el d\u00eda ser\u00eda mi\u00e9rcoles porque los nins correspondientes est\u00e1n cada uno delante de su casita. Al llegar al d\u00eda siguiente, jueves, el ni\u00f1o coger\u00eda el siguiente nin (naranja) y lo pondr\u00eda delante de la casita amarilla.<\/p>\n<p><img loading=\"lazy\" decoding=\"async\" class=\"size-medium wp-image-601 aligncenter\" src=\"http:\/\/ceradecolores.com\/blog\/wp-content\/uploads\/2017\/04\/CALENDARIO_CASAS5_CERADECOLORES_BLOG-840x560.jpg\" alt=\"\" width=\"840\" height=\"560\" srcset=\"http:\/\/ceradecolores.com\/blog\/wp-content\/uploads\/2017\/04\/CALENDARIO_CASAS5_CERADECOLORES_BLOG-840x560.jpg 840w, http:\/\/ceradecolores.com\/blog\/wp-content\/uploads\/2017\/04\/CALENDARIO_CASAS5_CERADECOLORES_BLOG-768x512.jpg 768w, http:\/\/ceradecolores.com\/blog\/wp-content\/uploads\/2017\/04\/CALENDARIO_CASAS5_CERADECOLORES_BLOG-900x600.jpg 900w, http:\/\/ceradecolores.com\/blog\/wp-content\/uploads\/2017\/04\/CALENDARIO_CASAS5_CERADECOLORES_BLOG.jpg 1024w\" sizes=\"(max-width: 840px) 100vw, 840px\" \/><\/p>\n<p>Es algo muy visual y sencillo de comprender para los m\u00e1s peque\u00f1os.<\/p>\n<p>Si saben que el s\u00e1bado, por ejemplo, es su cumplea\u00f1os o el d\u00eda en el que ir\u00e1n a ver a alg\u00fan amiguito pues ver\u00e1n a simple golpe de vista que faltan dos d\u00edas para que eso ocurra. Les ayuda a comprender la espera y a interiorizar el paso del tiempo.<\/p>\n<p>Los huecos enfrente de la casa est\u00e1n pintados del color correspondiente.<\/p>\n<p><img loading=\"lazy\" decoding=\"async\" class=\"size-medium wp-image-598 aligncenter\" src=\"http:\/\/ceradecolores.com\/blog\/wp-content\/uploads\/2017\/04\/CALENDARIO_CASAS2_CERADECOLORES_BLOG-840x560.jpg\" alt=\"\" width=\"840\" height=\"560\" srcset=\"http:\/\/ceradecolores.com\/blog\/wp-content\/uploads\/2017\/04\/CALENDARIO_CASAS2_CERADECOLORES_BLOG-840x560.jpg 840w, http:\/\/ceradecolores.com\/blog\/wp-content\/uploads\/2017\/04\/CALENDARIO_CASAS2_CERADECOLORES_BLOG-768x512.jpg 768w, http:\/\/ceradecolores.com\/blog\/wp-content\/uploads\/2017\/04\/CALENDARIO_CASAS2_CERADECOLORES_BLOG-900x600.jpg 900w, http:\/\/ceradecolores.com\/blog\/wp-content\/uploads\/2017\/04\/CALENDARIO_CASAS2_CERADECOLORES_BLOG.jpg 1024w\" sizes=\"(max-width: 840px) 100vw, 840px\" \/><\/p>\n<p>Como todos los juguetes de Cera de Colores tiene diversos usos. Estrella, por ejemplo, le encanta sacar los nins y jugar a meterlos otra vez en su huequito. Tambi\u00e9n juega con las casitas apil\u00e1ndolas.<\/p>\n<p>Pueden emplearlo como juego simb\u00f3lico, as\u00ed como tambi\u00e9n como juego desestructurado, las casas no solamente son casas, pueden ser barcos, flechas, l\u00e1pices\u00a0y\u00a0todo lo que al ni\u00f1o se le pueda ocurrir.<\/p>\n<p><img loading=\"lazy\" decoding=\"async\" class=\"size-medium wp-image-600 aligncenter\" src=\"http:\/\/ceradecolores.com\/blog\/wp-content\/uploads\/2017\/04\/CALENDARIO_CASAS4_CERADECOLORES_BLOG-840x560.jpg\" alt=\"\" width=\"840\" height=\"560\" srcset=\"http:\/\/ceradecolores.com\/blog\/wp-content\/uploads\/2017\/04\/CALENDARIO_CASAS4_CERADECOLORES_BLOG-840x560.jpg 840w, http:\/\/ceradecolores.com\/blog\/wp-content\/uploads\/2017\/04\/CALENDARIO_CASAS4_CERADECOLORES_BLOG-768x512.jpg 768w, http:\/\/ceradecolores.com\/blog\/wp-content\/uploads\/2017\/04\/CALENDARIO_CASAS4_CERADECOLORES_BLOG-900x600.jpg 900w, http:\/\/ceradecolores.com\/blog\/wp-content\/uploads\/2017\/04\/CALENDARIO_CASAS4_CERADECOLORES_BLOG.jpg 1024w\" sizes=\"(max-width: 840px) 100vw, 840px\" \/><\/p>\n<p>Y como no, tambi\u00e9n como juego de equilibrio tratando de apilar las casitas de diferentes formas.<\/p>\n<p><img loading=\"lazy\" decoding=\"async\" class=\"size-medium wp-image-597 aligncenter\" src=\"http:\/\/ceradecolores.com\/blog\/wp-content\/uploads\/2017\/04\/CALENDARIO_CASAS_CERADECOLORES_BLOG-840x560.jpg\" alt=\"\" width=\"840\" height=\"560\" srcset=\"http:\/\/ceradecolores.com\/blog\/wp-content\/uploads\/2017\/04\/CALENDARIO_CASAS_CERADECOLORES_BLOG-840x560.jpg 840w, http:\/\/ceradecolores.com\/blog\/wp-content\/uploads\/2017\/04\/CALENDARIO_CASAS_CERADECOLORES_BLOG-768x512.jpg 768w, http:\/\/ceradecolores.com\/blog\/wp-content\/uploads\/2017\/04\/CALENDARIO_CASAS_CERADECOLORES_BLOG-900x600.jpg 900w, http:\/\/ceradecolores.com\/blog\/wp-content\/uploads\/2017\/04\/CALENDARIO_CASAS_CERADECOLORES_BLOG.jpg 1024w\" sizes=\"(max-width: 840px) 100vw, 840px\" \/><\/p>\n<p>Por supuesto que si est\u00e1is interesados en adquirir uno s\u00f3lo ten\u00e9is que mandarme un email a: <strong>encargos@ceradecolores.com\u00a0<\/strong><\/p>\n<p>Para presentar el calendario hemos decidido hacer algo que me hace mucha ilusi\u00f3n. Un taller familiar en el que los participantes podr\u00e1n pintar sus propias casitas y nins. \u00a0Te lo explico a continuaci\u00f3n.<\/p>\n<h2><span style=\"color: #3f6bb3;\">Taller familiar\u00a0<\/span><\/h2>\n<p>Contact\u00f3 conmigo una tienda muy especial llamada <a href=\"http:\/\/www.fun4us.es\">Fun4us<\/a> especializada en juguetes educativos para ni\u00f1os con diversidad funcional y me propuso realizar talleres en relaci\u00f3n a lo que os cuento en el blog (evoluci\u00f3n del dibujo infantil y c\u00f3mo acompa\u00f1ar\u00a0la fase del garabato, por ejemplo) y tambi\u00e9n talleres m\u00e1s pr\u00e1cticos relacionados con nuestros juguetes.<\/p>\n<p>Me hizo mucha ilusi\u00f3n as\u00ed que me puse manos a la obra y prepar\u00e9 una serie de talleres y charlas. Uno de estos talleres es \u00e9ste.<\/p>\n<p>En este taller trataremos:<\/p>\n<ul>\n<li>La importancia de los ritmos en la primera infancia.<\/li>\n<li>Los colores de la semana seg\u00fan la pedagog\u00eda Waldorf.<\/li>\n<\/ul>\n<p>Y ya en la parte pr\u00e1ctica trabajaremos con pinturas no t\u00f3xicas para pintar juguetes de madera.<\/p>\n<p>Es un taller familiar para pintar el calendario juntos adem\u00e1s de compartir y aprender.<\/p>\n<p>El precio del taller incluye la peque\u00f1a charla introductoria, el calendario completo y una caja de acuarelas no t\u00f3xicas procedentes de extractos vegetales.<\/p>\n<p>&nbsp;<\/p>\n<p><img loading=\"lazy\" decoding=\"async\" class=\"size-medium wp-image-605 aligncenter\" src=\"http:\/\/ceradecolores.com\/blog\/wp-content\/uploads\/2017\/04\/cartel_taller_calendario-463x600.jpg\" alt=\"\" width=\"463\" height=\"600\" srcset=\"http:\/\/ceradecolores.com\/blog\/wp-content\/uploads\/2017\/04\/cartel_taller_calendario-463x600.jpg 463w, http:\/\/ceradecolores.com\/blog\/wp-content\/uploads\/2017\/04\/cartel_taller_calendario-768x994.jpg 768w, http:\/\/ceradecolores.com\/blog\/wp-content\/uploads\/2017\/04\/cartel_taller_calendario.jpg 791w\" sizes=\"(max-width: 463px) 100vw, 463px\" \/><\/p>\n<p>&nbsp;<\/p>\n<p>Lo realizaremos en un espacio muy especial,se trata de la fundaci\u00f3n Sales situada en Vigo, en la Avenida de Europa. \u00a0Tal y como dicen en su propia <a href=\"http:\/\/www.fundacionsales.org\/la-fundacion\/\">web<\/a> se trata de \u00abun rom\u00e1ntico y ex\u00f3tico emplazamiento que conforma un peculiar jard\u00edn, lleno de rincones y refugios para el cuerpo y el esp\u00edritu.\u00bb Y lo cierto es que no exageran, de verdad que es muy especial el ambiente que se respira en este espacio.<\/p>\n<p>Te dejo el cartel del taller con toda la informaci\u00f3n por si eres de la zona y te interesa compartir esta experiencia conmigo.<\/p>\n<p>&nbsp;<\/p>\n<p><span style=\"color: #3f6bb3;\">Y t\u00fa, \u00bfc\u00f3mo le transmites el paso del tiempo a tu peque? \u00bfTen\u00e9is alg\u00fan calendario similar?\u00a0<\/span><\/p>\n<p>&nbsp;<\/p>\n","protected":false},"excerpt":{"rendered":"<p>Hoy quiero presentarte el calendario semanal que he dise\u00f1ado para Cera de Colores.<\/p>\n","protected":false},"author":1,"featured_media":607,"comment_status":"open","ping_status":"open","sticky":false,"template":"","format":"standard","meta":{"footnotes":""},"categories":[7],"tags":[81,83,88,86,84,85,82,50,87],"_links":{"self":[{"href":"http:\/\/ceradecolores.com\/blog\/wp-json\/wp\/v2\/posts\/564"}],"collection":[{"href":"http:\/\/ceradecolores.com\/blog\/wp-json\/wp\/v2\/posts"}],"about":[{"href":"http:\/\/ceradecolores.com\/blog\/wp-json\/wp\/v2\/types\/post"}],"author":[{"embeddable":true,"href":"http:\/\/ceradecolores.com\/blog\/wp-json\/wp\/v2\/users\/1"}],"replies":[{"embeddable":true,"href":"http:\/\/ceradecolores.com\/blog\/wp-json\/wp\/v2\/comments?post=564"}],"version-history":[{"count":10,"href":"http:\/\/ceradecolores.com\/blog\/wp-json\/wp\/v2\/posts\/564\/revisions"}],"predecessor-version":[{"id":1009,"href":"http:\/\/ceradecolores.com\/blog\/wp-json\/wp\/v2\/posts\/564\/revisions\/1009"}],"wp:featuredmedia":[{"embeddable":true,"href":"http:\/\/ceradecolores.com\/blog\/wp-json\/wp\/v2\/media\/607"}],"wp:attachment":[{"href":"http:\/\/ceradecolores.com\/blog\/wp-json\/wp\/v2\/media?parent=564"}],"wp:term":[{"taxonomy":"category","embeddable":true,"href":"http:\/\/ceradecolores.com\/blog\/wp-json\/wp\/v2\/categories?post=564"},{"taxonomy":"post_tag","embeddable":true,"href":"http:\/\/ceradecolores.com\/blog\/wp-json\/wp\/v2\/tags?post=564"}],"curies":[{"name":"wp","href":"https:\/\/api.w.org\/{rel}","templated":true}]}}