{"id":858,"date":"2017-10-25T02:02:26","date_gmt":"2017-10-25T00:02:26","guid":{"rendered":"http:\/\/ceradecolores.com\/blog\/?p=858"},"modified":"2017-10-25T02:14:37","modified_gmt":"2017-10-25T00:14:37","slug":"consejos-acerca-del-acompanar-creativo","status":"publish","type":"post","link":"http:\/\/ceradecolores.com\/blog\/2017\/10\/25\/consejos-acerca-del-acompanar-creativo\/","title":{"rendered":"Recomendaciones pr\u00e1cticas"},"content":{"rendered":"<p>C\u00f3mo ya sabr\u00e9is, en octubre he iniciado cursos de expresi\u00f3n creativa en diferentes ciudades que comprender\u00e1n todo el curso escolar.<\/p>\n<p><!--more--><\/p>\n<p>&nbsp;<\/p>\n<p>He decidido escribir una carta a todos los pap\u00e1s y mam\u00e1s de los ni\u00f1os que asisten a los talleres para compartir con ellos mi filosof\u00eda y lo que considero importante y creo que deber\u00edan tener en cuenta a la hora de acompa\u00f1arles creativamente.<\/p>\n<p>Quiero compartirla contigo tambi\u00e9n por si te fuera \u00fatil. Es la que sigue a continuaci\u00f3n.<\/p>\n<p><img loading=\"lazy\" decoding=\"async\" class=\"size-medium wp-image-866 aligncenter\" src=\"http:\/\/ceradecolores.com\/blog\/wp-content\/uploads\/2017\/10\/talleres_ceradecolores2_BLOG-800x600.jpg\" alt=\"\" width=\"800\" height=\"600\" srcset=\"http:\/\/ceradecolores.com\/blog\/wp-content\/uploads\/2017\/10\/talleres_ceradecolores2_BLOG-800x600.jpg 800w, http:\/\/ceradecolores.com\/blog\/wp-content\/uploads\/2017\/10\/talleres_ceradecolores2_BLOG-768x576.jpg 768w, http:\/\/ceradecolores.com\/blog\/wp-content\/uploads\/2017\/10\/talleres_ceradecolores2_BLOG.jpg 1024w\" sizes=\"(max-width: 800px) 100vw, 800px\" \/><\/p>\n<p>\u00abMe gustar\u00eda hacerte una serie de recomendaciones y ofrecerte mi punto de vista en relaci\u00f3n a la expresi\u00f3n creativa de tu o tus hijos. C\u00f3mo sabr\u00e1s, soy graduada en Bellas Artes, formada en Arteterapia Hauchska y tambi\u00e9n profesora.<\/p>\n<p>Para m\u00ed, lo m\u00e1s importante es mantener la expresi\u00f3n creativa de los ni\u00f1os a los que imparto los talleres lo m\u00e1s intacta posible, es decir, protegerla dado su importancia. Es muy importante que puedan expresarse con confianza y libertad a trav\u00e9s de los medios art\u00edsticos, sea cual se ese medio: pintura, dibujo, teatro, m\u00fasica, danza&#8230; Sin embargo, hoy en d\u00eda dado a las m\u00faltiples intervenciones y tambi\u00e9n debido a la desinformaci\u00f3n y creencia de que todo eso es secundario o un simple hobby, se destruye completamente el juego de expresarse o se transforma en algo que no beneficia en nada al ni\u00f1o en cuesti\u00f3n.<\/p>\n<p>Todos hemos realizado esas intervenciones en alg\u00fan momento, sobre todo antes de recibir la informaci\u00f3n acerca de sus consecuencias. Todos lo hemos hecho con la mejor de las intenciones y con un gran amor hacia nuestros hijos\/alumnos\/sobrinos, etc&#8230; Pero hoy te escribo para compartir contigo mis descubrimientos y la verdadera importancia de todo esto.<\/p>\n<p>Un ni\u00f1o dibuja por la gran necesidad que tiene de expresarse. No lo hace para que le guste al adulto que le acompa\u00f1a, lo hace para \u00e9l y s\u00f3lo para \u00e9l. Pero desde muy peque\u00f1itos entramos en la din\u00e1mica de felicitarle por absolutamente todo lo que hace y aplaudirle todos sus logros: \u00bb \u00a1qu\u00e9 bonito te ha quedado!\u00bb, \u00abandaaaa,\u00bflo has hecho t\u00fa solo?, \u00a1qu\u00e9 mayor!\u00bb.<\/p>\n<p>Nosotros como adultos creemos que nuestros peques necesitan todo ese tipo de aplausos y palmadas en la espalda, sin embargo, solo la necesitan cuando ya han perdido la motivaci\u00f3n intr\u00ednseca que les empuja a hacer y a descubrir por s\u00ed mismos.<\/p>\n<p>Y c\u00f3mo los ni\u00f1os se acostumbran a todo y se adaptan al medio de una manera impresionante, a partir de ese momento siempre buscar\u00e1n tu reconocimiento y tu aprobaci\u00f3n, y as\u00ed, para siempre. Escucharemos mil veces las siguientes preguntas: \u00ab\u00bflo he hecho bien?\u00bb, \u00ab\u00bfes as\u00ed?\u00bb, \u00ab\u00bfc\u00f3mo lo hago?\u00bb, \u00ab\u00bfqu\u00e9 hago?\u00bb&#8230;Pero sobre todo: \u00ab\u00bfte gusta?\u00bb. Y l\u00f3gicamente sentir\u00e1s la necesidad de responderle a todo y principalmente a esta \u00faltima pregunta con algo del estilo: \u00ab\u00a1Claro!Me encanta\u00bb o con un \u00ab\u00a1qu\u00e9 bonito!\u00bb.<\/p>\n<p>Y con estos sencillos gestos corres el riesgo de:<\/p>\n<ul>\n<li>Que tu hijo\/a busque siempre tu aprobaci\u00f3n para todo lo que haga.<\/li>\n<li>Se olvide de que lo m\u00e1s importante es que le guste a \u00e9l\/ella.<\/li>\n<li>Prime el complacerte antes que la propia diversi\u00f3n que deber\u00eda generarle.<\/li>\n<li>Puede que pierda oportunidades de experimentaci\u00f3n ya que se acomodar\u00e1 en eso que le gusta al adulto que le acompa\u00f1a y lo repetir\u00e1 para seguir complaci\u00e9ndole.<\/li>\n<\/ul>\n<p>Algo que me hizo reflexionar mucho fueron unas l\u00edneas del libro de Jean Liedloff , \u00abEl concepto del continuum\u00bb que dice que: si te sorprendes de sus logros es que no confiabas en que los iba a alcanzar. Ejemplo: Si te sorprendes y alegras tanto porque comience a caminar le est\u00e1s enviando el mensaje de que eso no es natural, no es lo que deber\u00eda hacer, porque si fuera as\u00ed, no ser\u00eda una sorpresa para ti.<\/p>\n<p>En esto \u00faltimo lo m\u00e1s importante a trabajar es la confianza en que todo lo que haga tu hijo\/a estaba dentro de sus capacidades hacerlo.<\/p>\n<p>Y ahora, unos consejos\/recomendaciones:<\/p>\n<ul>\n<li>Si tu hijo a\u00fan est\u00e1 en la fase de garabateo nunca le preguntes qu\u00e9 es lo que ha dibujado. Ser\u00e1 \u00e9l el que espont\u00e1neamente nombrar\u00e1 sus dibujos en el momento en el que est\u00e9 preparado para ello. Cuando lo haces le est\u00e1s obligando a hacer una relaci\u00f3n entre lo que dibuja y la realidad y a conectar dos \u00e1reas del desarrollo que se hallan en distintos niveles de madurez. Aunque est\u00e9 muy avanzado en el desarrollo del lenguaje est\u00e1 en el inicio de la representaci\u00f3n gr\u00e1fica.<\/li>\n<li>Si tu peque a\u00fan garabatea y nombra por s\u00ed mismo sus garabatos tal vez esperas ver algo que concuerde con la realidad, al no hacerlo puede que sientas la tentaci\u00f3n de \u201ccorregirle\u201d dici\u00e9ndole: \u201cmira, una flor\/coche\/persona no es as\u00ed\u2026\u201d mientras le realizas el dibujo \u201ccorrecto\u201d. Aunque puede resultar complejo hay\u00a0que tratar de comprender que <strong>formas similares pueden ser para tu hij@ cosas muy diferente<\/strong>s. \u00a0Y al corregirle de este modo est\u00e1s traumatizando el proceso de afianzamiento gr\u00e1fico y de coordinaci\u00f3n visomanual que est\u00e1 desarrollando adem\u00e1s de que recibir\u00e1 la informaci\u00f3n de que sus dibujos no son entendidos por los adultos y empezar\u00e1 a pedir que le dibujen las cosas que \u00e9l no se atrever\u00e1 a dibujar ya que se estar\u00e1 inhibiendo el proceso creador gr\u00e1fico del ni\u00f1@.<\/li>\n<li>Otro buen consejo es el de <strong>no permitir que un ni\u00f1o copie<\/strong>, ya que no reflejar\u00eda su concepto del mundo y abandonar\u00eda su\u00a0capacidad de crear.<\/li>\n<li>Como resumen podr\u00edamos decir que <strong>nuestra labor como padres en esta tarea es acompa\u00f1arles ofreci\u00e9ndole los medios y recursos adecuados tratando de no interferir en sus propios procesos.<\/strong><\/li>\n<\/ul>\n<p>Tal vez ir\u00eda un paso m\u00e1s y tambi\u00e9n te pedir\u00eda que si \u00e9l no te muestra su trabajo no le pidas que lo haga. Y del mismo modo, no saques conclusiones o hagas comentarios sobre el resultado ya que eso es lo menos importante y solo es una huella de una hora donde muchas cosas han ocurrido. Lo m\u00e1s importante es lo que ha vivido tu hijo en ese taller, lo que ha aprendido consciente o inconscientemente y sobre todo, c\u00f3mo se ha sentido.<\/p>\n<p><img loading=\"lazy\" decoding=\"async\" class=\"size-medium wp-image-865 aligncenter\" src=\"http:\/\/ceradecolores.com\/blog\/wp-content\/uploads\/2017\/10\/talleres_ceradecolores_BLOG-450x600.jpg\" alt=\"\" width=\"450\" height=\"600\" srcset=\"http:\/\/ceradecolores.com\/blog\/wp-content\/uploads\/2017\/10\/talleres_ceradecolores_BLOG-450x600.jpg 450w, http:\/\/ceradecolores.com\/blog\/wp-content\/uploads\/2017\/10\/talleres_ceradecolores_BLOG-768x1024.jpg 768w, http:\/\/ceradecolores.com\/blog\/wp-content\/uploads\/2017\/10\/talleres_ceradecolores_BLOG.jpg 1024w\" sizes=\"(max-width: 450px) 100vw, 450px\" \/><\/p>\n<p>Ejemplo: si al finalizar el taller en el que hemos estado trabajando con arcilla, varios ni\u00f1os llevan figuras terminadas y el tuyo lleva \u00absolamente\u00bb una bola de barro o varias bolas de barro \u00abdeshechas\u00bb no deduzcas que \u00e9l\/ella no ha hecho nada, o no ha \u00abobedecido\u00bb o que lo que hizo no es bonito como el de los dem\u00e1s ni\u00f1os. Los talleres muchas veces son un juego en el que el ni\u00f1o se siente a gusto y puede simplemente ser y por esta raz\u00f3n su trabajo puede pasar por diferentes fases en ese juego y finalmente terminar siendo simplemente una bola de barro.<\/p>\n<p>Y si te agobia no decirle nada cuando lo recojas en las clases puedes sustituir el \u00ab\u00a1qu\u00e9 bonito!\u00bb por un : \u00ab\u00bfqu\u00e9 tal?\u00bfte has divertido?\u00bb o \u00ab\u00bfte ha gustado lo que has hecho?\u00bb. Con esta \u00faltima expresi\u00f3n muestras inter\u00e9s y tambi\u00e9n ilusi\u00f3n por su trabajo que es muy importante, pero tambi\u00e9n le recuerdas que lo m\u00e1s principal es que \u00e9l se haya divertido y que todo lo dem\u00e1s es secundario, adem\u00e1s de que lo que haya hecho no tiene porque gustarte a ti sino que solamente a \u00e9l.<\/p>\n<p>Espero que as\u00ed, juntos, podamos devolverle a los peques lo que es de ellos.<\/p>\n<p>Te pido, que si tienes cualquier duda o preocupaci\u00f3n acerca de estos aspectos de la vida de tu peque, me lo hagas saber para poder ayudarte en la medida de mis posibilidades.<\/p>\n<p>Muchas gracias por confiar en m\u00ed para algo tan importante como es la expresi\u00f3n creativa de tu peque.\u00bb<\/p>\n<p>Por \u00faltimo os recuerdo que quedan algunas plazas para los talleres de expresi\u00f3n creativa de los lunes en Cangas, en El pozo de los tres deseos.<\/p>\n<p>Y tambi\u00e9n para los talleres de Arteterapia. Preg\u00fantame si tienes alguna duda.<\/p>\n<p>&nbsp;<\/p>\n<p><span style=\"color: #000080;\"><em>\u00bfY t\u00fa? \u00bfC\u00f3mo acompa\u00f1as las expresiones creativas de tus hijos?<\/em><\/span><\/p>\n<p>&nbsp;<\/p>\n<p>&nbsp;<\/p>\n","protected":false},"excerpt":{"rendered":"<p>C\u00f3mo ya sabr\u00e9is, en octubre he iniciado cursos de expresi\u00f3n creativa en diferentes ciudades que comprender\u00e1n todo el curso escolar.<\/p>\n","protected":false},"author":1,"featured_media":867,"comment_status":"open","ping_status":"open","sticky":false,"template":"","format":"standard","meta":{"footnotes":""},"categories":[3],"tags":[139,137,122,138,136],"_links":{"self":[{"href":"http:\/\/ceradecolores.com\/blog\/wp-json\/wp\/v2\/posts\/858"}],"collection":[{"href":"http:\/\/ceradecolores.com\/blog\/wp-json\/wp\/v2\/posts"}],"about":[{"href":"http:\/\/ceradecolores.com\/blog\/wp-json\/wp\/v2\/types\/post"}],"author":[{"embeddable":true,"href":"http:\/\/ceradecolores.com\/blog\/wp-json\/wp\/v2\/users\/1"}],"replies":[{"embeddable":true,"href":"http:\/\/ceradecolores.com\/blog\/wp-json\/wp\/v2\/comments?post=858"}],"version-history":[{"count":9,"href":"http:\/\/ceradecolores.com\/blog\/wp-json\/wp\/v2\/posts\/858\/revisions"}],"predecessor-version":[{"id":872,"href":"http:\/\/ceradecolores.com\/blog\/wp-json\/wp\/v2\/posts\/858\/revisions\/872"}],"wp:featuredmedia":[{"embeddable":true,"href":"http:\/\/ceradecolores.com\/blog\/wp-json\/wp\/v2\/media\/867"}],"wp:attachment":[{"href":"http:\/\/ceradecolores.com\/blog\/wp-json\/wp\/v2\/media?parent=858"}],"wp:term":[{"taxonomy":"category","embeddable":true,"href":"http:\/\/ceradecolores.com\/blog\/wp-json\/wp\/v2\/categories?post=858"},{"taxonomy":"post_tag","embeddable":true,"href":"http:\/\/ceradecolores.com\/blog\/wp-json\/wp\/v2\/tags?post=858"}],"curies":[{"name":"wp","href":"https:\/\/api.w.org\/{rel}","templated":true}]}}