{"id":1130,"date":"2018-03-19T20:00:02","date_gmt":"2018-03-19T19:00:02","guid":{"rendered":"http:\/\/ceradecolores.com\/blog\/?p=1130"},"modified":"2018-03-19T01:53:24","modified_gmt":"2018-03-19T00:53:24","slug":"diy-velas-de-cera-natural","status":"publish","type":"post","link":"https:\/\/ceradecolores.com\/blog\/2018\/03\/19\/diy-velas-de-cera-natural\/","title":{"rendered":"DIY: Velas de cera natural"},"content":{"rendered":"<p>Pues aqu\u00ed estoy para compartir con vosotros esto que nos tiene locas en casa! C\u00f3mo hacer velas de cera natural, y decorarlas!<!--more--><\/p>\n<p>Se acerca el d\u00eda en que el calendario nos dice que empieza la primavera, aunque alrededor, al menos aqu\u00ed en Galicia, no lo parezca. Las constantes e imparables lluvias, las tormentas y el fr\u00edo hacen que dudemos de su llegada, pero he de decir que desde que vivo en una casa hay cambios muy sutiles que puedes percibir como anuncio del cambio de estaci\u00f3n. Sutiles y algunos no tan sutiles y m\u00e1s evidentes, como que me han salido flores preciosas por todo el \u00abjard\u00edn\u00bb (cachito de tierra que alg\u00fan d\u00eda ser\u00e1 un jard\u00edn, pero hay que proyectar nuestros deseos, \u00bfno?).<\/p>\n<p>Por esto hoy te traigo la manera que tenemos nosotros (una de ellas) de prepararnos para la primavera y tambi\u00e9n celebrarla.<\/p>\n<p>Te ense\u00f1ar\u00e9 <strong>c\u00f3mo hacer y decorar unas velas de cera de abeja natural.\u00a0<\/strong>Nosotras la encenderemos el d\u00eda del equinoccio de primavera, pero se puede hacer y encender con cualquier excusa en cualquier momento. Tambi\u00e9n la solemos regalar cuando alg\u00fan familiar cumple a\u00f1os como vela especial que le dar\u00e1 luz en su nuevo a\u00f1o.<\/p>\n<p>Bien, existen dos formas. Con una de ellas te saltas la parte de fabricarla t\u00fa misma ya que puedes coger una vela ya hecha, de cera de abeja natural preferentemente, y decorarla con cera de modelar de Stockmar.<\/p>\n<p>La otra es m\u00e1s entretenida y satisfactoria al hacerla t\u00fa desde el principio. Y para eso <strong>necesitas:\u00a0<\/strong><\/p>\n<ul>\n<li>Hojas de cera de abeja natural\/vela ya hecha.<\/li>\n<\/ul>\n<p><img loading=\"lazy\" decoding=\"async\" class=\"size-medium wp-image-1137 aligncenter\" src=\"http:\/\/ceradecolores.com\/blog\/wp-content\/uploads\/2018\/03\/decorar_vela_panal_ceradecolores-840x560.jpg\" alt=\"\" width=\"840\" height=\"560\" srcset=\"https:\/\/ceradecolores.com\/blog\/wp-content\/uploads\/2018\/03\/decorar_vela_panal_ceradecolores-840x560.jpg 840w, https:\/\/ceradecolores.com\/blog\/wp-content\/uploads\/2018\/03\/decorar_vela_panal_ceradecolores-768x512.jpg 768w, https:\/\/ceradecolores.com\/blog\/wp-content\/uploads\/2018\/03\/decorar_vela_panal_ceradecolores-900x600.jpg 900w\" sizes=\"(max-width: 840px) 100vw, 840px\" \/><\/p>\n<ul>\n<li>Cord\u00f3n de algod\u00f3n para la mecha de la vela.<img loading=\"lazy\" decoding=\"async\" class=\"size-medium wp-image-1139 aligncenter\" src=\"http:\/\/ceradecolores.com\/blog\/wp-content\/uploads\/2018\/03\/decorar_vela_ceradecolores_BLOG-840x560.jpg\" alt=\"\" width=\"840\" height=\"560\" srcset=\"https:\/\/ceradecolores.com\/blog\/wp-content\/uploads\/2018\/03\/decorar_vela_ceradecolores_BLOG-840x560.jpg 840w, https:\/\/ceradecolores.com\/blog\/wp-content\/uploads\/2018\/03\/decorar_vela_ceradecolores_BLOG-768x512.jpg 768w, https:\/\/ceradecolores.com\/blog\/wp-content\/uploads\/2018\/03\/decorar_vela_ceradecolores_BLOG-900x600.jpg 900w, https:\/\/ceradecolores.com\/blog\/wp-content\/uploads\/2018\/03\/decorar_vela_ceradecolores_BLOG.jpg 1024w\" sizes=\"(max-width: 840px) 100vw, 840px\" \/><a style=\"font-size: 0.95em;\" href=\"https:\/\/ceradecolores.com\/inicio\/114-cera-de-abeja-para-modelar-12-colores.html\">Cera de modelar de Stockmar.<\/a><span style=\"font-size: 0.95em;\">\u00a0<\/span><br \/>\n<img loading=\"lazy\" decoding=\"async\" class=\"size-medium wp-image-1131 aligncenter\" src=\"http:\/\/ceradecolores.com\/blog\/wp-content\/uploads\/2018\/03\/decorarvela_ceradecolores2_BLOG-840x560.jpg\" alt=\"\" width=\"840\" height=\"560\" srcset=\"https:\/\/ceradecolores.com\/blog\/wp-content\/uploads\/2018\/03\/decorarvela_ceradecolores2_BLOG-840x560.jpg 840w, https:\/\/ceradecolores.com\/blog\/wp-content\/uploads\/2018\/03\/decorarvela_ceradecolores2_BLOG-768x512.jpg 768w, https:\/\/ceradecolores.com\/blog\/wp-content\/uploads\/2018\/03\/decorarvela_ceradecolores2_BLOG-900x600.jpg 900w, https:\/\/ceradecolores.com\/blog\/wp-content\/uploads\/2018\/03\/decorarvela_ceradecolores2_BLOG.jpg 1024w\" sizes=\"(max-width: 840px) 100vw, 840px\" \/><\/li>\n<li>Secador de pelo.<\/li>\n<li>Tijeras.<\/li>\n<li>Mechero para encenderla.<\/li>\n<\/ul>\n<p>Hace muchos muchos a\u00f1os una amiga me hab\u00eda regalado un peque\u00f1o kit para hacer velas naturales. Ven\u00edan peque\u00f1as hojas de cera de abeja \u00a0de diferentes colores, el cord\u00f3n y unas peque\u00f1as instrucciones que ahora comparto contigo y que tambi\u00e9n te describo:<\/p>\n<p>Con cada una de esas hojas (de aproximadamente 10 x 12 cm ) pod\u00edas o bien hacer una vela un poco m\u00e1s grande y cil\u00edndrica, o, hacer dos en forma piramidal cort\u00e1ndola en diagonal por la mitad.<\/p>\n<p>Con cualquiera de las dos opciones consigues unas velas geniales, de m\u00e1s o menos duraci\u00f3n, eso s\u00ed.<\/p>\n<p>El paso uno, despu\u00e9s de decidir c\u00f3mo la quieres es <strong>enchufar el secador de pelo<\/strong> y darle con mucho cuidado calorcito a la hoja de cera. Te recomendar\u00eda orientar el secador hace la hoja situada en una superficie plana, es decir, hacia abajo para que con el propio peso del aire no salga volando o se rompa.<\/p>\n<p>De todos modos, si se rompe, como le pas\u00f3 a una mam\u00e1 del taller del otro d\u00eda, no abandones esa futura velita y mod\u00e9lala d\u00e1ndole la forma que quieras. Luego con un palillo perf\u00f3rala de lado a lado para introducir la mecha y dec\u00f3rala al gusto.<\/p>\n<p>Una vez est\u00e1 blandita <strong>enr\u00f3scala con la mecha<\/strong> desde el inicio, \u00a0cil\u00edndricamente o piramidalmente tal y como ves en la foto de las instrucciones.<\/p>\n<p><img loading=\"lazy\" decoding=\"async\" class=\"size-medium wp-image-1138 aligncenter\" src=\"http:\/\/ceradecolores.com\/blog\/wp-content\/uploads\/2018\/03\/instrucciones_vela_ceradecolores_BLOG-840x560.jpg\" alt=\"\" width=\"840\" height=\"560\" srcset=\"https:\/\/ceradecolores.com\/blog\/wp-content\/uploads\/2018\/03\/instrucciones_vela_ceradecolores_BLOG-840x560.jpg 840w, https:\/\/ceradecolores.com\/blog\/wp-content\/uploads\/2018\/03\/instrucciones_vela_ceradecolores_BLOG-768x512.jpg 768w, https:\/\/ceradecolores.com\/blog\/wp-content\/uploads\/2018\/03\/instrucciones_vela_ceradecolores_BLOG-900x600.jpg 900w, https:\/\/ceradecolores.com\/blog\/wp-content\/uploads\/2018\/03\/instrucciones_vela_ceradecolores_BLOG.jpg 1024w\" sizes=\"(max-width: 840px) 100vw, 840px\" \/><\/p>\n<p>Recuerda que una vez est\u00e9 endurecida es muy delicada y se puede quebrar.<\/p>\n<p>Bien, hasta aqu\u00ed la parte de hacer la vela en caso de que \u00a0tengas esas hojas de cera de abeja natural. Yo para los talleres compr\u00e9 10 hojas bien grandes y las cort\u00e9 en cuadrados m\u00e1s peque\u00f1os. Me urg\u00eda un poco as\u00ed que la opci\u00f3n m\u00e1s viable por tiempo fue comprarla en amazon.<\/p>\n<p><strong>\u00a1Ahora a decorarla!<\/strong><\/p>\n<p><a href=\"https:\/\/ceradecolores.com\/inicio\/113-cera-de-abeja-para-modelar-12-colores.html\">La <strong>cera de modelar de Stockmar<\/strong><\/a> es genial por varios motivos.<\/p>\n<ul>\n<li>Es <strong>natural.\u00a0<\/strong><\/li>\n<li>Se necesita <strong>presencia e intenci\u00f3n<\/strong> para ablandarla, lo cual a los peques les viene genial.<\/li>\n<li>Al decorar las velas siendo cera natural se funde sin dejar olores desagradables y aportan <strong>toques de color<\/strong> a la vela mientras se consume.<\/li>\n<\/ul>\n<p>Yo preparo para los peques muy peques medallones peque\u00f1os y no muy gruesos para que les sea sencillo ablandarla con el calor de sus manos. Les puedes decir que las pongan <strong>entre sus manos y les de calor<\/strong> para descubrir como se vuelve blandita cuando en inicio es bastante dura y nada f\u00e1cil de modelar. Una vez est\u00e1 blandita es muy sencillo trabajarla.<\/p>\n<p><img loading=\"lazy\" decoding=\"async\" class=\"size-medium wp-image-1140 aligncenter\" src=\"http:\/\/ceradecolores.com\/blog\/wp-content\/uploads\/2018\/03\/decorar_vela_peque_BLOG-840x560.jpg\" alt=\"\" width=\"840\" height=\"560\" srcset=\"https:\/\/ceradecolores.com\/blog\/wp-content\/uploads\/2018\/03\/decorar_vela_peque_BLOG-840x560.jpg 840w, https:\/\/ceradecolores.com\/blog\/wp-content\/uploads\/2018\/03\/decorar_vela_peque_BLOG-768x512.jpg 768w, https:\/\/ceradecolores.com\/blog\/wp-content\/uploads\/2018\/03\/decorar_vela_peque_BLOG-900x600.jpg 900w, https:\/\/ceradecolores.com\/blog\/wp-content\/uploads\/2018\/03\/decorar_vela_peque_BLOG.jpg 1024w\" sizes=\"(max-width: 840px) 100vw, 840px\" \/><\/p>\n<p>Puedes incluso contarles un cuento mientras la tiene entre sus manos. <a href=\"https:\/\/ceradecolores.com\/inicio\/167-primavera.html\">Un cuento sobre la primavera <\/a>por ejemplo o, si lo haces en otra \u00e9poca del a\u00f1o, puedes contarle otro cuento que tenga relaci\u00f3n. (En la tienda puedes encontrar <a href=\"https:\/\/ceradecolores.com\/38-libros?page=2\">varios libros<\/a> relacionadas con diferentes \u00e9pocas del a\u00f1o).<\/p>\n<p>Una vez est\u00e1 blandita pueden <strong>decorar la vela<\/strong> tal y como quieran dependiendo del momento en el que est\u00e9n.<\/p>\n<p>As\u00ed como en el dibujo es preferible no interferir para no influir en su expresi\u00f3n, con el modelado pasa exactamente igual. Trata de acompa\u00f1arle <strong>sin imponer tu criterio est\u00e9tico<\/strong> y si, te apetece mucho\u00a0intervenir, puedes hacer otra t\u00fa en otro momento \ud83d\ude09<br \/>\n<img loading=\"lazy\" decoding=\"async\" class=\"size-medium wp-image-1132 aligncenter\" src=\"http:\/\/ceradecolores.com\/blog\/wp-content\/uploads\/2018\/03\/decorarvela_ceradecolores3_BLOG-840x560.jpg\" alt=\"\" width=\"840\" height=\"560\" srcset=\"https:\/\/ceradecolores.com\/blog\/wp-content\/uploads\/2018\/03\/decorarvela_ceradecolores3_BLOG-840x560.jpg 840w, https:\/\/ceradecolores.com\/blog\/wp-content\/uploads\/2018\/03\/decorarvela_ceradecolores3_BLOG-768x512.jpg 768w, https:\/\/ceradecolores.com\/blog\/wp-content\/uploads\/2018\/03\/decorarvela_ceradecolores3_BLOG-900x600.jpg 900w, https:\/\/ceradecolores.com\/blog\/wp-content\/uploads\/2018\/03\/decorarvela_ceradecolores3_BLOG.jpg 1024w\" sizes=\"(max-width: 840px) 100vw, 840px\" \/> <img loading=\"lazy\" decoding=\"async\" class=\"size-medium wp-image-1133 aligncenter\" src=\"http:\/\/ceradecolores.com\/blog\/wp-content\/uploads\/2018\/03\/decorarvela_ceradecolores4_BLOG-840x560.jpg\" alt=\"\" width=\"840\" height=\"560\" srcset=\"https:\/\/ceradecolores.com\/blog\/wp-content\/uploads\/2018\/03\/decorarvela_ceradecolores4_BLOG-840x560.jpg 840w, https:\/\/ceradecolores.com\/blog\/wp-content\/uploads\/2018\/03\/decorarvela_ceradecolores4_BLOG-768x512.jpg 768w, https:\/\/ceradecolores.com\/blog\/wp-content\/uploads\/2018\/03\/decorarvela_ceradecolores4_BLOG-900x600.jpg 900w, https:\/\/ceradecolores.com\/blog\/wp-content\/uploads\/2018\/03\/decorarvela_ceradecolores4_BLOG.jpg 1024w\" sizes=\"(max-width: 840px) 100vw, 840px\" \/><\/p>\n<p>As\u00ed quedar\u00eda la vela hecha por ti mismx. Tiene otra textura y apariencia. Son tan&#8230;!verdaderas! Ya sabes la importancia de ofrecer a lxs peques materiales verdaderos los cuales su origen sea claro. Es un regalo para su sentido del tacto.<\/p>\n<p><img loading=\"lazy\" decoding=\"async\" class=\"alignnone size-medium wp-image-1135\" src=\"http:\/\/ceradecolores.com\/blog\/wp-content\/uploads\/2018\/03\/decorarvela_BLOG-820x600.jpg\" alt=\"\" width=\"820\" height=\"600\" srcset=\"https:\/\/ceradecolores.com\/blog\/wp-content\/uploads\/2018\/03\/decorarvela_BLOG-820x600.jpg 820w, https:\/\/ceradecolores.com\/blog\/wp-content\/uploads\/2018\/03\/decorarvela_BLOG-768x562.jpg 768w, https:\/\/ceradecolores.com\/blog\/wp-content\/uploads\/2018\/03\/decorarvela_BLOG.jpg 1024w\" sizes=\"(max-width: 820px) 100vw, 820px\" \/><\/p>\n<pre>         Esta velita es de una buena amiga y su peque. :)<\/pre>\n<p>Si me sigues en <a href=\"https:\/\/www.instagram.com\/ceradecolores\/\">instagram<\/a>\u00a0podr\u00e1s ver algunas de nuestras \u00faltimas velas que ir\u00e9 compartiendo.<\/p>\n<p><span style=\"color: #273995;\"><em>Espero que te haya gustado este tutorial. \u00bfYa hab\u00edas hecho velas de este modo? \u00bfSab\u00edas que las ceras de modelar de Stockmar ten\u00edan este uso?\u00a0<\/em><\/span><\/p>\n","protected":false},"excerpt":{"rendered":"<p>Pues aqu\u00ed estoy para compartir con vosotros esto que nos tiene locas en casa! C\u00f3mo hacer velas de cera natural, y decorarlas!<\/p>\n","protected":false},"author":1,"featured_media":1149,"comment_status":"open","ping_status":"open","sticky":false,"template":"","format":"standard","meta":{"footnotes":""},"categories":[6],"tags":[170,171,174,169,28,175,173,172],"_links":{"self":[{"href":"https:\/\/ceradecolores.com\/blog\/wp-json\/wp\/v2\/posts\/1130"}],"collection":[{"href":"https:\/\/ceradecolores.com\/blog\/wp-json\/wp\/v2\/posts"}],"about":[{"href":"https:\/\/ceradecolores.com\/blog\/wp-json\/wp\/v2\/types\/post"}],"author":[{"embeddable":true,"href":"https:\/\/ceradecolores.com\/blog\/wp-json\/wp\/v2\/users\/1"}],"replies":[{"embeddable":true,"href":"https:\/\/ceradecolores.com\/blog\/wp-json\/wp\/v2\/comments?post=1130"}],"version-history":[{"count":9,"href":"https:\/\/ceradecolores.com\/blog\/wp-json\/wp\/v2\/posts\/1130\/revisions"}],"predecessor-version":[{"id":1148,"href":"https:\/\/ceradecolores.com\/blog\/wp-json\/wp\/v2\/posts\/1130\/revisions\/1148"}],"wp:featuredmedia":[{"embeddable":true,"href":"https:\/\/ceradecolores.com\/blog\/wp-json\/wp\/v2\/media\/1149"}],"wp:attachment":[{"href":"https:\/\/ceradecolores.com\/blog\/wp-json\/wp\/v2\/media?parent=1130"}],"wp:term":[{"taxonomy":"category","embeddable":true,"href":"https:\/\/ceradecolores.com\/blog\/wp-json\/wp\/v2\/categories?post=1130"},{"taxonomy":"post_tag","embeddable":true,"href":"https:\/\/ceradecolores.com\/blog\/wp-json\/wp\/v2\/tags?post=1130"}],"curies":[{"name":"wp","href":"https:\/\/api.w.org\/{rel}","templated":true}]}}