{"id":1292,"date":"2019-02-12T00:57:49","date_gmt":"2019-02-11T23:57:49","guid":{"rendered":"http:\/\/ceradecolores.com\/blog\/?p=1292"},"modified":"2019-02-12T00:57:49","modified_gmt":"2019-02-11T23:57:49","slug":"rutina-escolar","status":"publish","type":"post","link":"https:\/\/ceradecolores.com\/blog\/2019\/02\/12\/rutina-escolar\/","title":{"rendered":"Rutina escolar"},"content":{"rendered":"<p>Mi peque lleva pr\u00e1cticamente medio curso escolarizada y quiero contaros nuestra experiencia y nuestra rutina escolar.<!--more--><\/p>\n<p>S\u00e9 que estamos en un periodo complicado, el de b\u00fasqueda de cole. Estar\u00e9is quitando horas de donde no las ten\u00e9is para ir a visitar varios coles en b\u00fasqueda del mejor para vuestrxs peques.<\/p>\n<p><a href=\"http:\/\/ceradecolores.com\/blog\/2018\/02\/22\/escolarizacion-unschooling\/\">Os entrar\u00e1n dudas<\/a>, incluso puede que llor\u00e9is en alg\u00fan momento de la desesperaci\u00f3n por no encontrar el cole ideal o por no poder llevarlxs al que os gustar\u00eda. O puede que lo teng\u00e1is claro, o que simplemente os ci\u00f1\u00e1is a las posibilidades reales y no os quer\u00e1is complicar m\u00e1s. Cualquier postura es l\u00edcita y comprensible. Yo, desde luego, fui del primer grupo, pero ahora veo que ha merecido la pena tanta b\u00fasqueda (esto lo veo ahora y en estos momentos).<\/p>\n<p>Despu\u00e9s de cinco meses embarcadas en la aventura de tener a una hija escolarizada puedo respirar tranquila. Y digo una aventura porque para nosotras lo fue.<\/p>\n<p>C\u00f3mo sab\u00e9is, mi peque no fue a la escuela infantil. Las circunstancias personales (un despido estando embarazada y el hacerme aut\u00f3noma posteriormente) hicieron que pudiera estar con mi hija durante sus primeros a\u00f1os. Fue maravilloso y no lo cambiar\u00eda por nada, pero&#8230; pasar de una vida sin necesidad de madrugar, sin horarios establecidos ni impuestos, a una vida con rutinas m\u00e1s establecidas y madrugones para poder llegar a una hora decente al cole&#8230; no fue f\u00e1cil al principio.<\/p>\n<p>Reconozco que los tres primeros meses me preguntaba diariamente si merec\u00eda la pena ese cambio de vida. Mi hija llevaba mal lo de despertar a una hora concreta y no a la hora que le ped\u00eda su cuerpo (que tampoco era muy tarde normalmente, 9 de la ma\u00f1ana como m\u00e1s tarde). El cole era maravilloso, s\u00ed, pero que despertara todos los d\u00edas de mal humor o llorando y que al volver del cole siguiera mal o peor porque se le juntaba con el cansancio de haber estado jugando toda la ma\u00f1ana, no era f\u00e1cil de llevar.<\/p>\n<p>Yo tampoco llevaba bien el camino en coche. Aunque no me queda muy lejos, el conducir me agotaba (tambi\u00e9n los malestares continuos de la peque).<\/p>\n<p>Estaba deseando que llegaran las vacaciones de Navidades para poder retomar aquellos d\u00edas m\u00e1s tranquilos.<\/p>\n<p>Al volver de las Navidades decid\u00ed darle una \u00faltima oportunidad (al menos durante ese curso), decid\u00ed intentar m\u00e1s concienzudamente el encontrar el equilibrio y la estabilidad. As\u00ed que fui adelantando la hora de dormir de la peque de media en media hora hasta encontrar la ideal en la que ella, al d\u00eda siguiente, se despertara por s\u00ed misma y de buen humor, como anta\u00f1o.<\/p>\n<p>Una semana estuve con el experimento hasta que encontramos la hora ideal: a las 20:00 de la tarde en cama durmiendo. Fue todo un logro, pero m\u00e1s logro es mantenerlo y tener esa rutina como sagrada. L\u00f3gicamente supone que a las 19:00 est\u00e9 cenando para despu\u00e9s hacer todo el protocolo de: pijama, dientes, cuento y dormir.<\/p>\n<p>Pero desde que lo llevamos a la pr\u00e1ctica puedo decir que somos mucho m\u00e1s felices. No hay mal humor ma\u00f1anero ni tardes de eternas discusiones. Hemos encontrado el punto en el que ella est\u00e1 bien y por lo tanto, toda la familia est\u00e1 bien.<\/p>\n<p>Tuvimos que suprimir siesta para que a las 20:00 est\u00e9 durmiendo, si hay siesta, hasta las 23:00 o m\u00e1s tarde no hay ni\u00f1a dormida y empieza el ciclo del malestar: despierta con sue\u00f1o, mal humor, quiere dormir siesta y vuelta a empezar.<\/p>\n<p>A veces puede haber un margen de media hora de cortes\u00eda pero nunca m\u00e1s.<\/p>\n<p>Otra cosa que tuvimos que ir adaptando fue el momento de salir del cole. Sal\u00eda siempre con mucha hambre y quer\u00eda picar algo, pero si picaba algo no com\u00eda nada al llegar a casa, como es l\u00f3gico. Poco a poco fui consiguiendo que entendiera que ten\u00eda que merendar bien en el cole y luego esperar a llegar a casa para comer. \u00a1Otra prueba superada!<\/p>\n<p>S\u00e9, por experiencia propia, que tener rutinas cuando t\u00fa nunca las tuviste y no las tienes interioridades, es muy complicado. Pero es como la alimentaci\u00f3n, con voluntad podemos cambiar lo que queramos y el aporte positivo a nosotrxs y a nuestrxs peques es impresionante.<\/p>\n<p>Respecto a m\u00ed misma, esperanzadoramente cre\u00eda que iba a tener m\u00e1s tiempo para trabajar cuando ella estuviera en el cole, pero no ha sido as\u00ed. Antes, trabajaba cuando ella dorm\u00eda por lo que la hora de fin la pon\u00eda yo (a costa de mi salud, lo s\u00e9). As\u00ed que pod\u00eda trabajar 5\/6 horas por la noche, hasta las 3\/4 de la ma\u00f1ana o incluso m\u00e1s tarde cuando la ocasi\u00f3n lo requer\u00eda. Ahora mismo, entre llevarla al cole e ir a recogerla, me quedan solamente 3 horas libres para trabajar y ya no llego a altas horas de la noche porque me quedo dormida con ella la mayor parte de los d\u00edas.<\/p>\n<p>Y estos fueron los principales cambios despu\u00e9s de la escolarizaci\u00f3n y os lo cuento por si os ayuda a tomar alg\u00fan tipo de decisi\u00f3n o para estar preparadxs por si os ocurre algo similar.<\/p>\n<p><em><span style=\"color: #0000ff;\">\u00bfC\u00f3mo llev\u00e1is el primer a\u00f1o de escolarizadxs? \u00bfEst\u00e1is buscando cole este a\u00f1o? <\/span><\/em><\/p>\n<p>&nbsp;<\/p>\n","protected":false},"excerpt":{"rendered":"<p>Mi peque lleva pr\u00e1cticamente medio curso escolarizada y quiero contaros nuestra experiencia y nuestra rutina escolar.<\/p>\n","protected":false},"author":1,"featured_media":1293,"comment_status":"open","ping_status":"open","sticky":false,"template":"","format":"standard","meta":{"footnotes":""},"categories":[4],"tags":[10,221,162,163,222,223],"_links":{"self":[{"href":"https:\/\/ceradecolores.com\/blog\/wp-json\/wp\/v2\/posts\/1292"}],"collection":[{"href":"https:\/\/ceradecolores.com\/blog\/wp-json\/wp\/v2\/posts"}],"about":[{"href":"https:\/\/ceradecolores.com\/blog\/wp-json\/wp\/v2\/types\/post"}],"author":[{"embeddable":true,"href":"https:\/\/ceradecolores.com\/blog\/wp-json\/wp\/v2\/users\/1"}],"replies":[{"embeddable":true,"href":"https:\/\/ceradecolores.com\/blog\/wp-json\/wp\/v2\/comments?post=1292"}],"version-history":[{"count":1,"href":"https:\/\/ceradecolores.com\/blog\/wp-json\/wp\/v2\/posts\/1292\/revisions"}],"predecessor-version":[{"id":1294,"href":"https:\/\/ceradecolores.com\/blog\/wp-json\/wp\/v2\/posts\/1292\/revisions\/1294"}],"wp:featuredmedia":[{"embeddable":true,"href":"https:\/\/ceradecolores.com\/blog\/wp-json\/wp\/v2\/media\/1293"}],"wp:attachment":[{"href":"https:\/\/ceradecolores.com\/blog\/wp-json\/wp\/v2\/media?parent=1292"}],"wp:term":[{"taxonomy":"category","embeddable":true,"href":"https:\/\/ceradecolores.com\/blog\/wp-json\/wp\/v2\/categories?post=1292"},{"taxonomy":"post_tag","embeddable":true,"href":"https:\/\/ceradecolores.com\/blog\/wp-json\/wp\/v2\/tags?post=1292"}],"curies":[{"name":"wp","href":"https:\/\/api.w.org\/{rel}","templated":true}]}}