{"id":1321,"date":"2019-09-08T22:08:43","date_gmt":"2019-09-08T20:08:43","guid":{"rendered":"http:\/\/ceradecolores.com\/blog\/?p=1321"},"modified":"2019-09-20T23:17:58","modified_gmt":"2019-09-20T21:17:58","slug":"1321","status":"publish","type":"post","link":"https:\/\/ceradecolores.com\/blog\/2019\/09\/08\/1321\/","title":{"rendered":"Talleres 2019-2020 y SORTEO"},"content":{"rendered":"<p>\u00a1Vuelta al cole con los talleres y cursos de Cera de Colores! y \u00a1SORTEO!.<\/p>\n<p><!--more--><\/p>\n<p>Este verano ya muchos sab\u00e9is que tuve que tener un tiempo de pausa para descansar y recuperarme de un achaque que hace tiempo no ten\u00eda. Este fue bastante fuerte y dur\u00f3 mucho. Ya no me acordaba de lo que era. Poco a poco me voy encontrando mejor y tengo muchas ganas de estar con vosotros en mis talleres que para m\u00ed tambi\u00e9n resultan terap\u00e9uticos. As\u00ed que hoy quiero informaros de los cursos que impartir\u00e9 este a\u00f1o. Y tambi\u00e9n podr\u00e1s participar en un sorteo que me hace mucha ilusi\u00f3n.<\/p>\n<p>Vamos por orden de d\u00edas:<\/p>\n<ul>\n<li><strong>Lunes.<\/strong>\u00a0Por la ma\u00f1ana estar\u00e9 en <a href=\"https:\/\/www.facebook.com\/galopinocioalternativo\/\">Galop\u00edn Ocio Alternativo<\/a> con talleres de Arteterapia para adultos.\u00a0\u00a0<img loading=\"lazy\" decoding=\"async\" class=\"size-medium wp-image-1332 aligncenter\" src=\"http:\/\/ceradecolores.com\/blog\/wp-content\/uploads\/2019\/09\/arteterapia_galopin-750x600.png\" alt=\"talleres cera de colores 2019_2020\" width=\"750\" height=\"600\" srcset=\"https:\/\/ceradecolores.com\/blog\/wp-content\/uploads\/2019\/09\/arteterapia_galopin-750x600.png 750w, https:\/\/ceradecolores.com\/blog\/wp-content\/uploads\/2019\/09\/arteterapia_galopin-768x614.png 768w, https:\/\/ceradecolores.com\/blog\/wp-content\/uploads\/2019\/09\/arteterapia_galopin.png 945w\" sizes=\"(max-width: 750px) 100vw, 750px\" \/><\/li>\n<li>Y por las tardes estar\u00e9 en nuestra querida <a href=\"https:\/\/www.facebook.com\/espacioforesta\/\"><strong>Foresta<\/strong><\/a>. Ser\u00e1 el primer lunes de cada mes. Taller de creatividad familiar donde podremos experimentar con materiales naturales y compartir un espacio creativo en familia reforzando el v\u00ednculo y conectando de manera m\u00e1s profunda a trav\u00e9s del arte. Para quien no lo sep\u00e1is Foresta est\u00e1 en Vincios y pod\u00e9is leer m\u00e1s sobre ella en <a href=\"http:\/\/ceradecolores.com\/blog\/2017\/06\/16\/foresta-espacio-aprendizaje-activo-la-naturaleza\/\">este art\u00edculo.\u00a0<\/a><\/li>\n<\/ul>\n<p><img loading=\"lazy\" decoding=\"async\" class=\"size-medium wp-image-1322 aligncenter\" src=\"http:\/\/ceradecolores.com\/blog\/wp-content\/uploads\/2019\/09\/CREATIVIDAD-EN-FAMILIA_foresta_19-20-750x600.png\" alt=\"\" width=\"750\" height=\"600\" srcset=\"https:\/\/ceradecolores.com\/blog\/wp-content\/uploads\/2019\/09\/CREATIVIDAD-EN-FAMILIA_foresta_19-20-750x600.png 750w, https:\/\/ceradecolores.com\/blog\/wp-content\/uploads\/2019\/09\/CREATIVIDAD-EN-FAMILIA_foresta_19-20-768x614.png 768w, https:\/\/ceradecolores.com\/blog\/wp-content\/uploads\/2019\/09\/CREATIVIDAD-EN-FAMILIA_foresta_19-20.png 945w\" sizes=\"(max-width: 750px) 100vw, 750px\" \/><\/p>\n<p>&nbsp;<\/p>\n<ul>\n<li>Los <strong>martes<\/strong> estar\u00e9 impartiendo extraescolares tanto para peques como para adultos en el colegio p\u00fablico Josefa Alonso de Alonso en <strong>Matam\u00e1<\/strong>, Vigo.<\/li>\n<\/ul>\n<p>&nbsp;<\/p>\n<ul>\n<li>Los <strong>mi\u00e9rcoles<\/strong> vuelvo al <a href=\"https:\/\/www.facebook.com\/centroatera\/\"><strong>Centro Atera<\/strong><\/a>, en Pontevedra con diferentes propuestas.\u00a0Repetimos <strong>Creatividad Familiar<\/strong> a las 17:00, y a\u00f1adimos Mirada Waldorf y Arteterapia.\u00a0<strong>Mirada Waldorf<\/strong> es una actividad destinada a familias, aunque en este caso, al contrario que en creatividad familiar, lxs peques no son lxs principales protagonistas de la acci\u00f3n. Estar\u00e1 compuesta por charlas acerca de diferentes aspectos de la Pedagog\u00eda Waldorf, y de la elaboraci\u00f3n de juguetes y elementos principales de esta pedagog\u00eda. Lxs peques siempre estar\u00e1n bienvenidos y tendr\u00e1n su espacio de juego, y dependiendo de la edad de lxs mismxs podr\u00e1n ayudar o participar m\u00e1s activamente del proceso de elaboraci\u00f3n o menos. Por eso digo que no ser\u00e1n lxs protagonistas de la acci\u00f3n, sino que ser\u00e1n sus padres y madres que har\u00e1n las propuestas destinadas a ellos.\u00a0Acerca del taller de <strong>arteterapia<\/strong> recuerda que<a href=\"http:\/\/ceradecolores.com\/blog\/2017\/08\/25\/arteterapia-que-es\/\"> aqu\u00ed<\/a> puedes aprender un poco m\u00e1s de d\u00f3nde viene y en qu\u00e9 consiste. Es una herramienta muy potente para el desarrollo personal y para tratar diferentes patolog\u00edas, traumas y necesidades.<\/li>\n<\/ul>\n<p><img loading=\"lazy\" decoding=\"async\" class=\"size-medium wp-image-1324 aligncenter\" src=\"http:\/\/ceradecolores.com\/blog\/wp-content\/uploads\/2019\/09\/talleres_atera_19-20-424x600.png\" alt=\"\" width=\"424\" height=\"600\" srcset=\"https:\/\/ceradecolores.com\/blog\/wp-content\/uploads\/2019\/09\/talleres_atera_19-20-424x600.png 424w, https:\/\/ceradecolores.com\/blog\/wp-content\/uploads\/2019\/09\/talleres_atera_19-20-768x1086.png 768w, https:\/\/ceradecolores.com\/blog\/wp-content\/uploads\/2019\/09\/talleres_atera_19-20.png 794w\" sizes=\"(max-width: 424px) 100vw, 424px\" \/><\/p>\n<p>Tendremos jornada de puertas abiertas en la que charlaremos, os contar\u00e9 personalmente c\u00f3mo trabajo, en qu\u00e9 consisten los talleres y podr\u00e1s preguntarme todas tus dudas o lo que no son dudas el d\u00eda 18 de septiembre. \u00a0Cada actividad en su horario.<\/p>\n<p>17:00 &#8211; Creatividad familiar<\/p>\n<p>18:30 &#8211; Mirada Waldorf<\/p>\n<p>20:00 &#8211; \u00a0Arteterapia<\/p>\n<p>Espero veros y poder pasar una tarde agradable.<\/p>\n<p>&nbsp;<\/p>\n<ul>\n<li>El <strong>jueves<\/strong> estar\u00e9 en el <a href=\"https:\/\/www.facebook.com\/csbouzas\/\"><strong>Centro Social de Bouzas<\/strong> <\/a>con <strong>Arteterapia<\/strong> para adultos por la ma\u00f1ana, <strong>Pintura<\/strong> (al estilo Cera de Colores, <a href=\"http:\/\/ceradecolores.com\/blog\/2017\/08\/09\/talleres-cera-colores\/\">en este art\u00edculo<\/a> os hablo de lo que NO son para m\u00ed clases de pintura) y<strong> Creatividad familiar<\/strong> por la tarde.<\/li>\n<\/ul>\n<p><img loading=\"lazy\" decoding=\"async\" class=\"size-medium wp-image-1325 aligncenter\" src=\"http:\/\/ceradecolores.com\/blog\/wp-content\/uploads\/2019\/09\/talleres_bouzas_19_20-424x600.jpg\" alt=\"\" width=\"424\" height=\"600\" srcset=\"https:\/\/ceradecolores.com\/blog\/wp-content\/uploads\/2019\/09\/talleres_bouzas_19_20-424x600.jpg 424w, https:\/\/ceradecolores.com\/blog\/wp-content\/uploads\/2019\/09\/talleres_bouzas_19_20-768x1086.jpg 768w, https:\/\/ceradecolores.com\/blog\/wp-content\/uploads\/2019\/09\/talleres_bouzas_19_20.jpg 794w\" sizes=\"(max-width: 424px) 100vw, 424px\" \/><\/p>\n<ul>\n<li>Estar\u00e9 los primeros y los terceros <strong>viernes<\/strong> de cada mes en <a href=\"https:\/\/www.facebook.com\/laflautamagicavigo\/\"><strong>La flauta M\u00e1gica<\/strong><\/a>, Vigo, \u00a0con <strong>Creatividad Familiar<\/strong> y <strong>PequeCreatividad<\/strong>. Pod\u00e9is venir talleres sueltos o inscribiros para todos los meses. Siempre tendr\u00e1n preferencia y ahorro econ\u00f3mico aquellos que vengan de manera continuada.<\/li>\n<\/ul>\n<p><img loading=\"lazy\" decoding=\"async\" class=\"size-medium wp-image-1323 aligncenter\" src=\"http:\/\/ceradecolores.com\/blog\/wp-content\/uploads\/2019\/09\/laflauta_19_20-424x600.png\" alt=\"\" width=\"424\" height=\"600\" srcset=\"https:\/\/ceradecolores.com\/blog\/wp-content\/uploads\/2019\/09\/laflauta_19_20-424x600.png 424w, https:\/\/ceradecolores.com\/blog\/wp-content\/uploads\/2019\/09\/laflauta_19_20-768x1086.png 768w, https:\/\/ceradecolores.com\/blog\/wp-content\/uploads\/2019\/09\/laflauta_19_20.png 794w\" sizes=\"(max-width: 424px) 100vw, 424px\" \/><\/p>\n<p>&nbsp;<\/p>\n<ul>\n<li>Y por \u00faltimo, estar\u00e9 los primeros <strong>domingos<\/strong> de cada mes en <a href=\"https:\/\/www.facebook.com\/galopinocioalternativo\/\"><strong>Galop\u00edn Ocio<\/strong><\/a>, en Porri\u00f1o, con <strong>Creatividad familiar<\/strong>.<\/li>\n<\/ul>\n<p><img loading=\"lazy\" decoding=\"async\" class=\"size-medium wp-image-1333 aligncenter\" src=\"http:\/\/ceradecolores.com\/blog\/wp-content\/uploads\/2019\/09\/CREATIVIDAD-EN-FAMILIA_galopin-750x600.png\" alt=\"talleres cera de colores 2019_2020\" width=\"750\" height=\"600\" srcset=\"https:\/\/ceradecolores.com\/blog\/wp-content\/uploads\/2019\/09\/CREATIVIDAD-EN-FAMILIA_galopin-750x600.png 750w, https:\/\/ceradecolores.com\/blog\/wp-content\/uploads\/2019\/09\/CREATIVIDAD-EN-FAMILIA_galopin-768x614.png 768w, https:\/\/ceradecolores.com\/blog\/wp-content\/uploads\/2019\/09\/CREATIVIDAD-EN-FAMILIA_galopin.png 945w\" sizes=\"(max-width: 750px) 100vw, 750px\" \/><\/p>\n<p>Y para que te quede todo m\u00e1s claro he hecho este calendario tan lleno de color.<\/p>\n<p><img loading=\"lazy\" decoding=\"async\" class=\"size-medium wp-image-1334 aligncenter\" src=\"http:\/\/ceradecolores.com\/blog\/wp-content\/uploads\/2019\/09\/2019-2020-840x473.png\" alt=\"calendario talleres cera de colores 2019-2020\" width=\"840\" height=\"473\" srcset=\"https:\/\/ceradecolores.com\/blog\/wp-content\/uploads\/2019\/09\/2019-2020-840x473.png 840w, https:\/\/ceradecolores.com\/blog\/wp-content\/uploads\/2019\/09\/2019-2020-768x432.png 768w, https:\/\/ceradecolores.com\/blog\/wp-content\/uploads\/2019\/09\/2019-2020.png 1920w\" sizes=\"(max-width: 840px) 100vw, 840px\" \/><\/p>\n<p>&nbsp;<\/p>\n<p>Bien, pues despu\u00e9s de toda esta informaci\u00f3n ahora viene la parte del <strong>sorteo.<\/strong><\/p>\n<p><img loading=\"lazy\" decoding=\"async\" class=\"size-medium wp-image-1328 aligncenter\" src=\"http:\/\/ceradecolores.com\/blog\/wp-content\/uploads\/2019\/09\/sorteo-creativo-600x600.png\" alt=\"\" width=\"600\" height=\"600\" srcset=\"https:\/\/ceradecolores.com\/blog\/wp-content\/uploads\/2019\/09\/sorteo-creativo-600x600.png 600w, https:\/\/ceradecolores.com\/blog\/wp-content\/uploads\/2019\/09\/sorteo-creativo-768x768.png 768w, https:\/\/ceradecolores.com\/blog\/wp-content\/uploads\/2019\/09\/sorteo-creativo-150x150.png 150w, https:\/\/ceradecolores.com\/blog\/wp-content\/uploads\/2019\/09\/sorteo-creativo.png 1080w\" sizes=\"(max-width: 600px) 100vw, 600px\" \/><\/p>\n<p><strong>\u00bfEn qu\u00e9 consiste el sorteo?<\/strong>\u00a0Para m\u00ed es muy importante saber qu\u00e9 piensas y sientes as\u00ed que me gustar\u00eda que me dijeras a trav\u00e9s de un comentario en el blog o en el post del sorteo de Facebook o Instagram qu\u00e9 es para ti la creatividad, qu\u00e9 te aporta o qu\u00e9 te hace sentir, incluso alg\u00fan ejemplo de lo qu\u00e9 es para ti.<\/p>\n<p><strong>\u00bfQu\u00e9 podr\u00e1s ganar?<\/strong><\/p>\n<p>La posibilidad de participar en dos talleres de Cera de Colores de este curso 2019-2020, del mismo curso o de diferentes cursos.<\/p>\n<p><strong>\u00bfCu\u00e1les son las bases del sorteo?<\/strong><\/p>\n<p>El sorteo empezar\u00e1 hoy, d\u00eda 9 de septiembre, y finalizar\u00e1 el d\u00eda 19 de septiembre. Publicar\u00e9 en las redes sociales y en el blog al o a la ganadora en los pr\u00f3ximos d\u00edas.<\/p>\n<p>Si participas a trav\u00e9s de <a href=\"https:\/\/www.facebook.com\/ceradecolores\/\"><strong>Facebook<\/strong><\/a>:<\/p>\n<ul>\n<li>Escribir el comentario en el post del sorteo del Facebook.<\/li>\n<li>Darle a me gusta a la <a href=\"https:\/\/www.facebook.com\/ceradecolores\/\">p\u00e1gina de Cera de Colores<\/a> en caso de que no le hayas dado antes.<\/li>\n<li>Compartir el post del sorteo de manera p\u00fablica. Tambi\u00e9n puedes etiquetar a amigxs que creas que pueden estar especialmente interesadxs.<\/li>\n<\/ul>\n<p>Si Participas a trav\u00e9s de <a href=\"https:\/\/www.instagram.com\/ceradecolores\/\"><strong>Instagram<\/strong><\/a>:<\/p>\n<ul>\n<li>Ser seguidor\/a de la cuenta de <a href=\"https:\/\/www.instagram.com\/ceradecolores\/\">Cera de Colores<\/a> de Instagram.<\/li>\n<li>Escribir el comentario en la foto del sorteo.<\/li>\n<li>Etiquetar a 3 amigxs que creas pueden estar interesadxs.<\/li>\n<\/ul>\n<p>Si participas desde el <strong>blog<\/strong>:<\/p>\n<ul>\n<li>Escribir el comentario en el art\u00edculo del blog.<\/li>\n<li>Y compartir el link del art\u00edculo a quien creas puede estar interesadx. (Esto no lo podr\u00e9 comprobar as\u00ed que te lo pido \u00fanicamente como favor \ud83d\ude42 ).<\/li>\n<\/ul>\n<p>Tendr\u00e1s una participaci\u00f3n por cada red social en la que juegues.<\/p>\n<p><strong>\u00bfQu\u00e9 podr\u00e1s ganar?<\/strong><\/p>\n<p>La posibilidad de participar en dos talleres de Cera de Colores de este curso 2019-2020, del mismo curso o de diferentes cursos.<\/p>\n<p><strong>Condiciones:<\/strong><\/p>\n<ul>\n<li>Siempre tendr\u00e1n preferencia las familias que est\u00e9n ya anotadas a los talleres.La participaci\u00f3n a los talleres estar\u00e1 sujeta a disponibilidad de plazas.<\/li>\n<li>\u00danicamente podr\u00e1s participar gratuitamente en los talleres que imparta Cera de Colores, quedan excluidos los colaborativos con otrxs profesionales y los que superen la hora y media de duraci\u00f3n.<\/li>\n<\/ul>\n<p><span style=\"color: #0000ff;\"><strong>Actualizaci\u00f3n ganador: yoryo10 (desde\u00a0<\/strong><\/span><span style=\"color: #0000ff;\"><span style=\"caret-color: #0000ff;\"><b>Instagram)<\/b><\/span><\/span><\/p>\n<p><span style=\"color: #0000ff;\">Enhorabuena!!<\/span><\/p>\n","protected":false},"excerpt":{"rendered":"<p>\u00a1Vuelta al cole con los talleres y cursos de Cera de Colores! y \u00a1SORTEO!.<\/p>\n","protected":false},"author":1,"featured_media":1335,"comment_status":"open","ping_status":"open","sticky":false,"template":"","format":"standard","meta":{"footnotes":""},"categories":[3,68,7,1],"tags":[15,180,70,236,114,142,119,136],"_links":{"self":[{"href":"https:\/\/ceradecolores.com\/blog\/wp-json\/wp\/v2\/posts\/1321"}],"collection":[{"href":"https:\/\/ceradecolores.com\/blog\/wp-json\/wp\/v2\/posts"}],"about":[{"href":"https:\/\/ceradecolores.com\/blog\/wp-json\/wp\/v2\/types\/post"}],"author":[{"embeddable":true,"href":"https:\/\/ceradecolores.com\/blog\/wp-json\/wp\/v2\/users\/1"}],"replies":[{"embeddable":true,"href":"https:\/\/ceradecolores.com\/blog\/wp-json\/wp\/v2\/comments?post=1321"}],"version-history":[{"count":13,"href":"https:\/\/ceradecolores.com\/blog\/wp-json\/wp\/v2\/posts\/1321\/revisions"}],"predecessor-version":[{"id":1346,"href":"https:\/\/ceradecolores.com\/blog\/wp-json\/wp\/v2\/posts\/1321\/revisions\/1346"}],"wp:featuredmedia":[{"embeddable":true,"href":"https:\/\/ceradecolores.com\/blog\/wp-json\/wp\/v2\/media\/1335"}],"wp:attachment":[{"href":"https:\/\/ceradecolores.com\/blog\/wp-json\/wp\/v2\/media?parent=1321"}],"wp:term":[{"taxonomy":"category","embeddable":true,"href":"https:\/\/ceradecolores.com\/blog\/wp-json\/wp\/v2\/categories?post=1321"},{"taxonomy":"post_tag","embeddable":true,"href":"https:\/\/ceradecolores.com\/blog\/wp-json\/wp\/v2\/tags?post=1321"}],"curies":[{"name":"wp","href":"https:\/\/api.w.org\/{rel}","templated":true}]}}