{"id":1349,"date":"2019-12-01T11:50:55","date_gmt":"2019-12-01T10:50:55","guid":{"rendered":"http:\/\/ceradecolores.com\/blog\/?p=1349"},"modified":"2019-12-02T17:44:42","modified_gmt":"2019-12-02T16:44:42","slug":"calendario-adviento-2019-diy","status":"publish","type":"post","link":"https:\/\/ceradecolores.com\/blog\/2019\/12\/01\/calendario-adviento-2019-diy\/","title":{"rendered":"DIY. Calendario adviento 2019"},"content":{"rendered":"<p>Como cada a\u00f1o te traigo un nuevo tutorial de calendario de adviento. Este a\u00f1o lo hacemos con papel, pigmentos y barro.\u00a0<!--more--><\/p>\n<p><a href=\"http:\/\/ceradecolores.com\/blog\/2017\/11\/29\/calendario-adviento-diy\/\">El primer tutorial <\/a>que compart\u00ed sobre el calendario de adviento empleaba barro y canicas, <a href=\"http:\/\/ceradecolores.com\/blog\/2018\/11\/26\/calendario-adviento-2018-diy\/\">el segundo <\/a>fieltro y lana de oveja natural, y el de este a\u00f1o lo haremos con papel, pigmentos y barro de secado al aire.<\/p>\n<p>Por si no os acord\u00e1is de los otros tutoriales en los que hablo del calendario de adviento, \u00a0se origin\u00f3 en Alemania en el siglo XIX. Al principio, se encend\u00eda una vela cada d\u00eda desde el primer domingo de adviento hasta la Nochebuena.<\/p>\n<p>Fue evolucionando y hoy en d\u00eda existen muchos tipos de calendarios de adviento, algunos m\u00e1s comerciales, y otros menos, buscando ahondar m\u00e1s en este periodo.<\/p>\n<p>Yo hasta hace unos a\u00f1os no sab\u00eda cuando empezaba el adviento de verdad, ya que comercialmente lo estandarizan y comienza cada a\u00f1o el mismo d\u00eda, el 1 de diciembre. Este a\u00f1o coincide tambi\u00e9n en el 1 de diciembre, pero cada a\u00f1o es diferente.<\/p>\n<p>Desde el d\u00eda de Navidad, se cuentan 4 domingos antes de esa fecha, y ese es el d\u00eda oficial en el que empieza el periodo de adviento. El a\u00f1o pasado empez\u00f3 el 2 de diciembre, y el a\u00f1o que viene empezar\u00e1 el 29 de noviembre.<\/p>\n<p>Una vez est\u00e1is ubicados en este periodo vamos a hacer nuestro calendario de adviento.<\/p>\n<p>&nbsp;<\/p>\n<h4><span style=\"color: #0000ff;\">Materiales:\u00a0<\/span><\/h4>\n<ul>\n<li>Papel de un tama\u00f1o m\u00ednimo de un DIN-A3 (29&#8217;7X42cm), que tenga bastante gramaje.<\/li>\n<li>Tijeras<\/li>\n<li>Comp\u00e1s<\/li>\n<li>Cart\u00f3n duro (opcional)<\/li>\n<li>Pigmentos naturales\/pasteles o tizas<\/li>\n<li>Barro de secado al aire<\/li>\n<li>Pintura dorada o de otro color<\/li>\n<li>Vela de cera de abeja natural<\/li>\n<li>Algo que represente un duende (un nin de madera, por ejemplo).<\/li>\n<\/ul>\n<p>&nbsp;<\/p>\n<h4><span style=\"color: #0000ff;\">Preparaci\u00f3n:<\/span><\/h4>\n<p><span style=\"color: #000000;\">Hacemos un c\u00edrculo lo m\u00e1s grande posible con el comp\u00e1s, o con cualquier otra cosa que encontr\u00e9is por casa que os permita marcar un c\u00edrculo. Tambi\u00e9n lo pod\u00e9is hacer a mano alzada.\u00a0<\/span><\/p>\n<p><img loading=\"lazy\" decoding=\"async\" class=\"size-medium wp-image-1350 aligncenter\" src=\"http:\/\/ceradecolores.com\/blog\/wp-content\/uploads\/2019\/12\/calendario_adviento_papel1_BLOG-840x560.jpg\" alt=\"\" width=\"840\" height=\"560\" srcset=\"https:\/\/ceradecolores.com\/blog\/wp-content\/uploads\/2019\/12\/calendario_adviento_papel1_BLOG-840x560.jpg 840w, https:\/\/ceradecolores.com\/blog\/wp-content\/uploads\/2019\/12\/calendario_adviento_papel1_BLOG-768x512.jpg 768w, https:\/\/ceradecolores.com\/blog\/wp-content\/uploads\/2019\/12\/calendario_adviento_papel1_BLOG-900x600.jpg 900w, https:\/\/ceradecolores.com\/blog\/wp-content\/uploads\/2019\/12\/calendario_adviento_papel1_BLOG.jpg 1024w\" sizes=\"(max-width: 840px) 100vw, 840px\" \/><\/p>\n<p>Despu\u00e9s cortaremos ese c\u00edrculo.<\/p>\n<p><img loading=\"lazy\" decoding=\"async\" class=\"size-medium wp-image-1352 aligncenter\" src=\"http:\/\/ceradecolores.com\/blog\/wp-content\/uploads\/2019\/12\/calendario_adviento_papel3_BLOG-840x560.jpg\" alt=\"\" width=\"840\" height=\"560\" srcset=\"https:\/\/ceradecolores.com\/blog\/wp-content\/uploads\/2019\/12\/calendario_adviento_papel3_BLOG-840x560.jpg 840w, https:\/\/ceradecolores.com\/blog\/wp-content\/uploads\/2019\/12\/calendario_adviento_papel3_BLOG-768x512.jpg 768w, https:\/\/ceradecolores.com\/blog\/wp-content\/uploads\/2019\/12\/calendario_adviento_papel3_BLOG-900x600.jpg 900w, https:\/\/ceradecolores.com\/blog\/wp-content\/uploads\/2019\/12\/calendario_adviento_papel3_BLOG.jpg 1024w\" sizes=\"(max-width: 840px) 100vw, 840px\" \/><\/p>\n<p>Ahora pintaremos la superficie de ese c\u00edrculo con pigmentos naturales, pasteles o tizas. Si no ten\u00e9is nada de eso hacerlo con el material que teng\u00e1is, que nos os detenga la falta de un material. Pod\u00e9is hacerlo con ceras, con temperas, etc.<\/p>\n<p>Yo lo hice con pigmentos naturales.<\/p>\n<p><img loading=\"lazy\" decoding=\"async\" class=\"size-medium wp-image-1353 aligncenter\" src=\"http:\/\/ceradecolores.com\/blog\/wp-content\/uploads\/2019\/12\/calendario_adviento_papel4_BLOG-840x560.jpg\" alt=\"\" width=\"840\" height=\"560\" srcset=\"https:\/\/ceradecolores.com\/blog\/wp-content\/uploads\/2019\/12\/calendario_adviento_papel4_BLOG-840x560.jpg 840w, https:\/\/ceradecolores.com\/blog\/wp-content\/uploads\/2019\/12\/calendario_adviento_papel4_BLOG-768x512.jpg 768w, https:\/\/ceradecolores.com\/blog\/wp-content\/uploads\/2019\/12\/calendario_adviento_papel4_BLOG-900x600.jpg 900w, https:\/\/ceradecolores.com\/blog\/wp-content\/uploads\/2019\/12\/calendario_adviento_papel4_BLOG.jpg 1024w\" sizes=\"(max-width: 840px) 100vw, 840px\" \/><\/p>\n<p><img loading=\"lazy\" decoding=\"async\" class=\"size-medium wp-image-1355 aligncenter\" src=\"http:\/\/ceradecolores.com\/blog\/wp-content\/uploads\/2019\/12\/calendario_adviento_papel6_BLOG-840x560.jpg\" alt=\"\" width=\"840\" height=\"560\" srcset=\"https:\/\/ceradecolores.com\/blog\/wp-content\/uploads\/2019\/12\/calendario_adviento_papel6_BLOG-840x560.jpg 840w, https:\/\/ceradecolores.com\/blog\/wp-content\/uploads\/2019\/12\/calendario_adviento_papel6_BLOG-768x512.jpg 768w, https:\/\/ceradecolores.com\/blog\/wp-content\/uploads\/2019\/12\/calendario_adviento_papel6_BLOG-900x600.jpg 900w, https:\/\/ceradecolores.com\/blog\/wp-content\/uploads\/2019\/12\/calendario_adviento_papel6_BLOG.jpg 1024w\" sizes=\"(max-width: 840px) 100vw, 840px\" \/><\/p>\n<p>&nbsp;<\/p>\n<p>Despu\u00e9s haremos el camino en forma de espiral con algo que nos permita m\u00e1s definici\u00f3n, yo lo hice con tizas pastel del Lidl.<\/p>\n<p><img loading=\"lazy\" decoding=\"async\" class=\"size-medium wp-image-1356 aligncenter\" src=\"http:\/\/ceradecolores.com\/blog\/wp-content\/uploads\/2019\/12\/calendario_adviento_papel7_BLOG-840x560.jpg\" alt=\"\" width=\"840\" height=\"560\" srcset=\"https:\/\/ceradecolores.com\/blog\/wp-content\/uploads\/2019\/12\/calendario_adviento_papel7_BLOG-840x560.jpg 840w, https:\/\/ceradecolores.com\/blog\/wp-content\/uploads\/2019\/12\/calendario_adviento_papel7_BLOG-768x512.jpg 768w, https:\/\/ceradecolores.com\/blog\/wp-content\/uploads\/2019\/12\/calendario_adviento_papel7_BLOG-900x600.jpg 900w, https:\/\/ceradecolores.com\/blog\/wp-content\/uploads\/2019\/12\/calendario_adviento_papel7_BLOG.jpg 1024w\" sizes=\"(max-width: 840px) 100vw, 840px\" \/><\/p>\n<p>Y dibujaremos las estrellas. Pod\u00e9is hacerlas m\u00e1s sencillas o m\u00e1s elaboradas. Tambi\u00e9n pod\u00e9is ponerle el n\u00famero de cada d\u00eda dentro de las estrellas para tenerlo m\u00e1s claro.<\/p>\n<p><img loading=\"lazy\" decoding=\"async\" class=\"size-medium wp-image-1357 aligncenter\" src=\"http:\/\/ceradecolores.com\/blog\/wp-content\/uploads\/2019\/12\/calendario_adviento_papel8_BLOG-840x560.jpg\" alt=\"\" width=\"840\" height=\"560\" srcset=\"https:\/\/ceradecolores.com\/blog\/wp-content\/uploads\/2019\/12\/calendario_adviento_papel8_BLOG-840x560.jpg 840w, https:\/\/ceradecolores.com\/blog\/wp-content\/uploads\/2019\/12\/calendario_adviento_papel8_BLOG-768x512.jpg 768w, https:\/\/ceradecolores.com\/blog\/wp-content\/uploads\/2019\/12\/calendario_adviento_papel8_BLOG-900x600.jpg 900w, https:\/\/ceradecolores.com\/blog\/wp-content\/uploads\/2019\/12\/calendario_adviento_papel8_BLOG.jpg 1024w\" sizes=\"(max-width: 840px) 100vw, 840px\" \/><\/p>\n<p>Si ten\u00e9is laca Nelly en casa, la dorada, pod\u00e9is ponerle para fijar el trabajo si hab\u00e9is trabajado con pigmentos y tizas.<\/p>\n<p>Y por \u00faltimo, pod\u00e9is cortar un cart\u00f3n con la forma de vuestro calendario y pegarlo para que quede m\u00e1s resistente y duradero.<\/p>\n<p><img loading=\"lazy\" decoding=\"async\" class=\"size-medium wp-image-1354 aligncenter\" src=\"http:\/\/ceradecolores.com\/blog\/wp-content\/uploads\/2019\/12\/calendario_adviento_papel5_BLOG-840x560.jpg\" alt=\"\" width=\"840\" height=\"560\" srcset=\"https:\/\/ceradecolores.com\/blog\/wp-content\/uploads\/2019\/12\/calendario_adviento_papel5_BLOG-840x560.jpg 840w, https:\/\/ceradecolores.com\/blog\/wp-content\/uploads\/2019\/12\/calendario_adviento_papel5_BLOG-768x512.jpg 768w, https:\/\/ceradecolores.com\/blog\/wp-content\/uploads\/2019\/12\/calendario_adviento_papel5_BLOG-900x600.jpg 900w, https:\/\/ceradecolores.com\/blog\/wp-content\/uploads\/2019\/12\/calendario_adviento_papel5_BLOG.jpg 1024w\" sizes=\"(max-width: 840px) 100vw, 840px\" \/><\/p>\n<p>Por otro lado, m\u00ednimo para el centro de la espiral haremos una base para nuestra vela. Nosotras la hicimos con barro de secado al aire y despu\u00e9s la pintamos con acr\u00edlico dorado.<\/p>\n<p>Hicimos tambi\u00e9n otras cuatro velas para cada domingo de adviento, y las hicimos con formas que representan los cuatro reinos que se representan semana a semana en el periodo de adviento seg\u00fan la Pedagog\u00eda Waldorf.<\/p>\n<p>La primera semana, el reino mineral, la segunda semana, el reino vegetal, la tercera el reino animal y la cuarta es el de la humanidad; as\u00ed que hicimos una base de vela en forma de piedra, de flor, de animal y con una personita. La del centro la hicimos con base de estrella.<\/p>\n<p><img loading=\"lazy\" decoding=\"async\" class=\"size-medium wp-image-1351 aligncenter\" src=\"http:\/\/ceradecolores.com\/blog\/wp-content\/uploads\/2019\/12\/calendario_adviento_papel2_BLOG-840x560.jpg\" alt=\"\" width=\"840\" height=\"560\" srcset=\"https:\/\/ceradecolores.com\/blog\/wp-content\/uploads\/2019\/12\/calendario_adviento_papel2_BLOG-840x560.jpg 840w, https:\/\/ceradecolores.com\/blog\/wp-content\/uploads\/2019\/12\/calendario_adviento_papel2_BLOG-768x512.jpg 768w, https:\/\/ceradecolores.com\/blog\/wp-content\/uploads\/2019\/12\/calendario_adviento_papel2_BLOG-900x600.jpg 900w, https:\/\/ceradecolores.com\/blog\/wp-content\/uploads\/2019\/12\/calendario_adviento_papel2_BLOG.jpg 1024w\" sizes=\"(max-width: 840px) 100vw, 840px\" \/> El duende que camina d\u00eda a d\u00eda por las estrellas hasta llegar al centro nosotras lo hicimos con un nin de madera. Pod\u00e9is pintarlo o hacerle una capa y un gorro como os explico en el <a href=\"http:\/\/ceradecolores.com\/blog\/2018\/11\/26\/calendario-adviento-2018-diy\/\">tutorial del a\u00f1o pasado.\u00a0<\/a><\/p>\n<p>&nbsp;<\/p>\n<p>Tambi\u00e9n quiero compartiros en otro art\u00edculo actividades para cada d\u00eda del periodo de adviento, hoy empezar\u00edamos haciendo nuestro calendario, o , si ya lo ten\u00e9is hecho, coloc\u00e1ndolo, encendiendo nuestra primera vela del primer domingo de adviento y preparando el bel\u00e9n.<\/p>\n<p>&nbsp;<\/p>\n<p>Al encender cada vela de adviento hay una rima muy bonita que podemos decir o cantar:<\/p>\n<p style=\"text-align: center;\">\u00bb 1 vela al comienzo,<\/p>\n<p style=\"text-align: center;\">luego 2 encender\u00e1s,<\/p>\n<p style=\"text-align: center;\">cuando sean 3 y 4 ,<\/p>\n<p style=\"text-align: center;\">llegar\u00e1 la Navidad\u00bb<\/p>\n<p>&nbsp;<\/p>\n<p>Y hoy quer\u00eda hablaros tambi\u00e9n de c\u00f3mo armar el Bel\u00e9n al modo Waldorf que encontramos en un peque\u00f1o libro llamado \u00abCuentos de adviento\u00bb de Soline y Pierre Lienhard, que tambi\u00e9n trae como una peque\u00f1a lectura para cada domingo.<\/p>\n<p>En una mesa cubierta por una tela colocamos en un extremo el pesebre y desde el portal y hacia el otro extremo un camino realizado con piedras y musgo. Por detr\u00e1s y sobre la pared colocamos una tela azul y cada d\u00eda pegamos en ella una peque\u00f1a estrella, de ese cielo un \u00e1ngel puede bajar cada vez un poquito m\u00e1s.<\/p>\n<p>En el camino, inician su viaje Mar\u00eda y Jos\u00e9, que d\u00eda a d\u00eda caminan un poquito hacia el portal, hasta llegar al portal el d\u00eda 24 en el que aparece el ni\u00f1o Jes\u00fas.<\/p>\n<p>Cada semana empiezan a aparecer elementos que corresponden con los reinos que os coment\u00e9 antes. La primera semana piedras y arena, la segunda semana aparece el musgo y plantas, la tercera semana los animales, y la cuarta semana los partorcillos y dem\u00e1s personas que llegan a ver el nacimiento de Jes\u00fas.<\/p>\n<p>De este modo, se vive la navidad de diferente manera, y no es simplemente un d\u00eda que llega y ya est\u00e1, ayudamos as\u00ed a los y las peques a vivenciar este periodo y a que asimilen cuanto tiempo queda para que llegue la Navidad.<\/p>\n<p>&nbsp;<\/p>\n<p>&nbsp;<\/p>\n<p>&nbsp;<\/p>\n","protected":false},"excerpt":{"rendered":"<p>Como cada a\u00f1o te traigo un nuevo tutorial de calendario de adviento. Este a\u00f1o lo hacemos con papel, pigmentos y barro.\u00a0<\/p>\n","protected":false},"author":1,"featured_media":1360,"comment_status":"open","ping_status":"open","sticky":false,"template":"","format":"standard","meta":{"footnotes":""},"categories":[6,7],"tags":[237,144,28,145,141,173,182],"_links":{"self":[{"href":"https:\/\/ceradecolores.com\/blog\/wp-json\/wp\/v2\/posts\/1349"}],"collection":[{"href":"https:\/\/ceradecolores.com\/blog\/wp-json\/wp\/v2\/posts"}],"about":[{"href":"https:\/\/ceradecolores.com\/blog\/wp-json\/wp\/v2\/types\/post"}],"author":[{"embeddable":true,"href":"https:\/\/ceradecolores.com\/blog\/wp-json\/wp\/v2\/users\/1"}],"replies":[{"embeddable":true,"href":"https:\/\/ceradecolores.com\/blog\/wp-json\/wp\/v2\/comments?post=1349"}],"version-history":[{"count":4,"href":"https:\/\/ceradecolores.com\/blog\/wp-json\/wp\/v2\/posts\/1349\/revisions"}],"predecessor-version":[{"id":1402,"href":"https:\/\/ceradecolores.com\/blog\/wp-json\/wp\/v2\/posts\/1349\/revisions\/1402"}],"wp:featuredmedia":[{"embeddable":true,"href":"https:\/\/ceradecolores.com\/blog\/wp-json\/wp\/v2\/media\/1360"}],"wp:attachment":[{"href":"https:\/\/ceradecolores.com\/blog\/wp-json\/wp\/v2\/media?parent=1349"}],"wp:term":[{"taxonomy":"category","embeddable":true,"href":"https:\/\/ceradecolores.com\/blog\/wp-json\/wp\/v2\/categories?post=1349"},{"taxonomy":"post_tag","embeddable":true,"href":"https:\/\/ceradecolores.com\/blog\/wp-json\/wp\/v2\/tags?post=1349"}],"curies":[{"name":"wp","href":"https:\/\/api.w.org\/{rel}","templated":true}]}}