{"id":1396,"date":"2019-12-02T17:43:35","date_gmt":"2019-12-02T16:43:35","guid":{"rendered":"http:\/\/ceradecolores.com\/blog\/?p=1396"},"modified":"2019-12-03T00:27:02","modified_gmt":"2019-12-02T23:27:02","slug":"actividades-de-adviento","status":"publish","type":"post","link":"https:\/\/ceradecolores.com\/blog\/2019\/12\/02\/actividades-de-adviento\/","title":{"rendered":"DIY.Actividades de Adviento"},"content":{"rendered":"<p><span style=\"font-size: 15.2015px;\">Hoy quiero compartir contigo una serie de actividades de Adviento que pod\u00e9is hacer en casa con lxs peques.<\/span><br \/>\n<!--more--><\/p>\n<p>&nbsp;<\/p>\n<p>En esta etapa pod\u00e9is asociar el <a href=\"http:\/\/ceradecolores.com\/blog\/2019\/12\/01\/calendario-adviento-2019-diy\/\">calendario de adviento<\/a> que hicisteis a una actividad para cada d\u00eda. Algunas pueden ser m\u00e1s elaboradas y otras tan sencillas como leer un cuento de Navidad. Primero os comparto una lista de cosas sencillas que pod\u00e9is hacer y despu\u00e9s las actividades que llevan m\u00e1s preparaci\u00f3n o materiales con el paso a paso.<\/p>\n<p>Lista de actividades:<\/p>\n<ul>\n<li>Ir a pasear y ver las luces.<\/li>\n<li>Leer un cuento de Navidad.<\/li>\n<li>Montar el \u00e1rbol.<\/li>\n<li>Hacer una foto familiar para el \u00abChristmas\u00bb.<\/li>\n<li>Hacer postales de Navidad para la familia y amigxs.<\/li>\n<li>Escribir la carta a Pap\u00e1 N\u00f6el o a los Reyes Magos(si en vuestra casa os visitan).<\/li>\n<li>Montar el Bel\u00e9n (te habl\u00e9 un poco de c\u00f3mo hacerlo en el <a href=\"http:\/\/ceradecolores.com\/blog\/2019\/12\/01\/calendario-adviento-2019-diy\/\">art\u00edculo anterior<\/a>).<\/li>\n<li>Ver una pel\u00edcula sobre Navidad (si tu peque no es demasiado peque para ver la tele). Nosotras vimos Klaus, en Netflix, y nos encant\u00f3.<\/li>\n<li><a href=\"http:\/\/ceradecolores.com\/blog\/2017\/12\/21\/diy-estrella-waldorf\/\">Hacer una estrella de Navidad.<\/a><\/li>\n<li><a href=\"http:\/\/ceradecolores.com\/blog\/2018\/03\/19\/diy-velas-de-cera-natural\/\">Hacer velas naturales o decorarlas.<\/a><\/li>\n<li>Hacer galletas de jengibre o <a href=\"http:\/\/ceradecolores.com\/blog\/2019\/09\/03\/receta-galletas-de-avena-y-chocolate\/\">\u00e9stas que est\u00e1n muy ricas.<\/a><\/li>\n<\/ul>\n<p>De algunas de estas actividades ya ten\u00e9is los tutoriales en el blog a los que pod\u00e9is acceder clicando en el nombre.<\/p>\n<p>Y ahora quiero compartiros nuevas ideas.<\/p>\n<p>Hacer vuestro propio papel de regalo con sellos hechos por vosotrxs.<\/p>\n<p><img loading=\"lazy\" decoding=\"async\" class=\"size-medium wp-image-1366 aligncenter\" src=\"http:\/\/ceradecolores.com\/blog\/wp-content\/uploads\/2019\/12\/PAPEL_REGALO_DIY_BLOG-840x560.jpg\" alt=\"\" width=\"840\" height=\"560\" srcset=\"https:\/\/ceradecolores.com\/blog\/wp-content\/uploads\/2019\/12\/PAPEL_REGALO_DIY_BLOG-840x560.jpg 840w, https:\/\/ceradecolores.com\/blog\/wp-content\/uploads\/2019\/12\/PAPEL_REGALO_DIY_BLOG-768x512.jpg 768w, https:\/\/ceradecolores.com\/blog\/wp-content\/uploads\/2019\/12\/PAPEL_REGALO_DIY_BLOG-900x600.jpg 900w, https:\/\/ceradecolores.com\/blog\/wp-content\/uploads\/2019\/12\/PAPEL_REGALO_DIY_BLOG.jpg 1024w\" sizes=\"(max-width: 840px) 100vw, 840px\" \/><\/p>\n<p>Hacer las figuras del Bel\u00e9n con arcilla de secado al aire. Nosotras por ahora hicimos a Mar\u00eda, Jos\u00e9 y al ni\u00f1o Jes\u00fas. Todo con \u00abbrilli brilli\u00bb, claro, estamos en esa maravillosa fase, jaja.<\/p>\n<p><img loading=\"lazy\" decoding=\"async\" class=\"size-medium wp-image-1378 aligncenter\" src=\"http:\/\/ceradecolores.com\/blog\/wp-content\/uploads\/2019\/12\/figuras_belen_BLOG-840x560.jpg\" alt=\"\" width=\"840\" height=\"560\" srcset=\"https:\/\/ceradecolores.com\/blog\/wp-content\/uploads\/2019\/12\/figuras_belen_BLOG-840x560.jpg 840w, https:\/\/ceradecolores.com\/blog\/wp-content\/uploads\/2019\/12\/figuras_belen_BLOG-768x512.jpg 768w, https:\/\/ceradecolores.com\/blog\/wp-content\/uploads\/2019\/12\/figuras_belen_BLOG-900x600.jpg 900w, https:\/\/ceradecolores.com\/blog\/wp-content\/uploads\/2019\/12\/figuras_belen_BLOG.jpg 1024w\" sizes=\"(max-width: 840px) 100vw, 840px\" \/><\/p>\n<p>Hacer decoraciones con piel de naranja. Aprovechando alg\u00fan zumito que hemos hecho cogimos la piel de naranjas y las limpiamos con una cuchara quit\u00e1ndole todo lo blanco.<\/p>\n<p>Despu\u00e9s las horneamos para secarlas, a baja temperatura, y cuando estuvieron fr\u00edas le hicimos formas con moldes de galletas o directamente con una tijera. A veces estaban un poquito duras las pieles y no consegu\u00edamos con los moldes.<\/p>\n<p><img loading=\"lazy\" decoding=\"async\" class=\"size-medium wp-image-1365 aligncenter\" src=\"http:\/\/ceradecolores.com\/blog\/wp-content\/uploads\/2019\/12\/pieldenaranja3_BLOG-840x560.jpg\" alt=\"\" width=\"840\" height=\"560\" srcset=\"https:\/\/ceradecolores.com\/blog\/wp-content\/uploads\/2019\/12\/pieldenaranja3_BLOG-840x560.jpg 840w, https:\/\/ceradecolores.com\/blog\/wp-content\/uploads\/2019\/12\/pieldenaranja3_BLOG-768x512.jpg 768w, https:\/\/ceradecolores.com\/blog\/wp-content\/uploads\/2019\/12\/pieldenaranja3_BLOG-900x600.jpg 900w, https:\/\/ceradecolores.com\/blog\/wp-content\/uploads\/2019\/12\/pieldenaranja3_BLOG.jpg 1024w\" sizes=\"(max-width: 840px) 100vw, 840px\" \/> <img loading=\"lazy\" decoding=\"async\" class=\"size-medium wp-image-1364 aligncenter\" src=\"http:\/\/ceradecolores.com\/blog\/wp-content\/uploads\/2019\/12\/pieldenaranja2_BLOG-840x560.jpg\" alt=\"\" width=\"840\" height=\"560\" srcset=\"https:\/\/ceradecolores.com\/blog\/wp-content\/uploads\/2019\/12\/pieldenaranja2_BLOG-840x560.jpg 840w, https:\/\/ceradecolores.com\/blog\/wp-content\/uploads\/2019\/12\/pieldenaranja2_BLOG-768x512.jpg 768w, https:\/\/ceradecolores.com\/blog\/wp-content\/uploads\/2019\/12\/pieldenaranja2_BLOG-900x600.jpg 900w, https:\/\/ceradecolores.com\/blog\/wp-content\/uploads\/2019\/12\/pieldenaranja2_BLOG.jpg 1024w\" sizes=\"(max-width: 840px) 100vw, 840px\" \/> <img loading=\"lazy\" decoding=\"async\" class=\"size-medium wp-image-1363 aligncenter\" src=\"http:\/\/ceradecolores.com\/blog\/wp-content\/uploads\/2019\/12\/pieldenaranja1_BLOG-840x560.jpg\" alt=\"\" width=\"840\" height=\"560\" srcset=\"https:\/\/ceradecolores.com\/blog\/wp-content\/uploads\/2019\/12\/pieldenaranja1_BLOG-840x560.jpg 840w, https:\/\/ceradecolores.com\/blog\/wp-content\/uploads\/2019\/12\/pieldenaranja1_BLOG-768x512.jpg 768w, https:\/\/ceradecolores.com\/blog\/wp-content\/uploads\/2019\/12\/pieldenaranja1_BLOG-900x600.jpg 900w, https:\/\/ceradecolores.com\/blog\/wp-content\/uploads\/2019\/12\/pieldenaranja1_BLOG.jpg 1024w\" sizes=\"(max-width: 840px) 100vw, 840px\" \/><\/p>\n<p>Por \u00faltimo les haces un agujero y puedes o bien colgarles un hilo para colgarlas o coserlas todas juntas para hacer una especie de guirnalda.<\/p>\n<p>Y estar atentxs que ma\u00f1ana os comparto nuevas ideas.<\/p>\n<p style=\"text-align: center;\"><span style=\"color: #0000ff;\"><em>Y vosotrxs? Ya hab\u00e9is empezado con el Adviento?<\/em><\/span><\/p>\n<p>&nbsp;<\/p>\n","protected":false},"excerpt":{"rendered":"<p>Hoy quiero compartir contigo una serie de actividades de Adviento que pod\u00e9is hacer en casa con lxs peques.<\/p>\n","protected":false},"author":1,"featured_media":1399,"comment_status":"open","ping_status":"open","sticky":false,"template":"","format":"standard","meta":{"footnotes":""},"categories":[6],"tags":[240,238,147,144,28,239,145,241],"_links":{"self":[{"href":"https:\/\/ceradecolores.com\/blog\/wp-json\/wp\/v2\/posts\/1396"}],"collection":[{"href":"https:\/\/ceradecolores.com\/blog\/wp-json\/wp\/v2\/posts"}],"about":[{"href":"https:\/\/ceradecolores.com\/blog\/wp-json\/wp\/v2\/types\/post"}],"author":[{"embeddable":true,"href":"https:\/\/ceradecolores.com\/blog\/wp-json\/wp\/v2\/users\/1"}],"replies":[{"embeddable":true,"href":"https:\/\/ceradecolores.com\/blog\/wp-json\/wp\/v2\/comments?post=1396"}],"version-history":[{"count":6,"href":"https:\/\/ceradecolores.com\/blog\/wp-json\/wp\/v2\/posts\/1396\/revisions"}],"predecessor-version":[{"id":1407,"href":"https:\/\/ceradecolores.com\/blog\/wp-json\/wp\/v2\/posts\/1396\/revisions\/1407"}],"wp:featuredmedia":[{"embeddable":true,"href":"https:\/\/ceradecolores.com\/blog\/wp-json\/wp\/v2\/media\/1399"}],"wp:attachment":[{"href":"https:\/\/ceradecolores.com\/blog\/wp-json\/wp\/v2\/media?parent=1396"}],"wp:term":[{"taxonomy":"category","embeddable":true,"href":"https:\/\/ceradecolores.com\/blog\/wp-json\/wp\/v2\/categories?post=1396"},{"taxonomy":"post_tag","embeddable":true,"href":"https:\/\/ceradecolores.com\/blog\/wp-json\/wp\/v2\/tags?post=1396"}],"curies":[{"name":"wp","href":"https:\/\/api.w.org\/{rel}","templated":true}]}}