{"id":1413,"date":"2020-03-19T00:39:18","date_gmt":"2020-03-18T23:39:18","guid":{"rendered":"http:\/\/ceradecolores.com\/blog\/?p=1413"},"modified":"2020-03-19T00:39:18","modified_gmt":"2020-03-18T23:39:18","slug":"receta-de-bizcocho-de-cacao","status":"publish","type":"post","link":"https:\/\/ceradecolores.com\/blog\/2020\/03\/19\/receta-de-bizcocho-de-cacao\/","title":{"rendered":"Receta de bizcocho de cacao"},"content":{"rendered":"<p>Hoy os quiero compartir esta receta de bizcocho de cacao que est\u00e1 tan rica y es tan f\u00e1cil de hacer con los y las peques.\u00a0<!--more-->Estos d\u00edas para muchas familias se le est\u00e1n haciendo largos o les est\u00e1 costando un poco mantener la situaci\u00f3n en calma en casa. Todo mi apoyo para todas vosotras. En <a href=\"https:\/\/www.instagram.com\/ceradecolores\/?hl=es\">Instagram <\/a>y en <a href=\"https:\/\/www.facebook.com\/ceradecolores\/\">Facebook <\/a>os voy compartiendo las cositas que vamos haciendo en casa, por sentirnos acompa\u00f1adas, por si a alguien le apetece hacerlas o le ayuda . Hoy os puse que hab\u00edamos hecho un bizcocho de cacao rico rico y varias de vosotras me hab\u00e9is pedido la receta, y por eso me he animado a escribir un art\u00edculo en el blog, que s\u00ed, que \u00faltimamente lo tengo un poquito quieto pero por las circunstancias de la vida. Pero s\u00e9 que as\u00ed lo podr\u00e9is consultar m\u00e1s f\u00e1cilmente.<\/p>\n<p><img loading=\"lazy\" decoding=\"async\" class=\"size-medium wp-image-1421 aligncenter\" src=\"http:\/\/ceradecolores.com\/blog\/wp-content\/uploads\/2020\/03\/Dise\u00f1o-sin-t\u00edtulo-7-1-450x600.png\" alt=\"\" width=\"450\" height=\"600\" srcset=\"https:\/\/ceradecolores.com\/blog\/wp-content\/uploads\/2020\/03\/Dise\u00f1o-sin-t\u00edtulo-7-1-450x600.png 450w, https:\/\/ceradecolores.com\/blog\/wp-content\/uploads\/2020\/03\/Dise\u00f1o-sin-t\u00edtulo-7-1.png 768w\" sizes=\"(max-width: 450px) 100vw, 450px\" \/><\/p>\n<p>Espero que todas teng\u00e1is los ingredientes en casa para evitar ir a la compra lo m\u00e1ximo posible, os pongo mi versi\u00f3n (m\u00e1s sana) y en par\u00e9ntesis la alternativa por si no ten\u00e9is los ingredientes de mi versi\u00f3n para que pod\u00e1is hacerla igualmente.<\/p>\n<p>Me disculpo por las fotos, son hechas con el m\u00f3vil y no son de la mejor calidad, pero al menos ilustra un poco esta receta.<\/p>\n<p>Bien, empecemos con la receta:<\/p>\n<p><span style=\"color: #0000ff;\">Ingredientes<\/span><\/p>\n<ul>\n<li>1 yogur natural, nosotras usamos el bio del lidl.<\/li>\n<li>1 vasito de yogur de aceite (el vaso del yogur que usamos antes).<\/li>\n<li>2 vasitos de yogur de harina integral de espelta (o harina normal).<\/li>\n<li>1 vasito de panela (o de az\u00facar normal).<\/li>\n<li>1 vasito de yogur de cacao en polvo 100% sin az\u00facar .<\/li>\n<li>3-4 huevos.<\/li>\n<li>1 sobre de levadura (yo uso una ecol\u00f3gica que estoy segura de que es lo que hace que me quede tan esponjosa).<\/li>\n<li>80 gr. de nueces (un pu\u00f1ado).\u00a0<img loading=\"lazy\" decoding=\"async\" class=\"size-medium wp-image-1415 aligncenter\" src=\"http:\/\/ceradecolores.com\/blog\/wp-content\/uploads\/2020\/03\/Dise\u00f1o-sin-t\u00edtulo-6-450x600.png\" alt=\"\" width=\"450\" height=\"600\" srcset=\"https:\/\/ceradecolores.com\/blog\/wp-content\/uploads\/2020\/03\/Dise\u00f1o-sin-t\u00edtulo-6-450x600.png 450w, https:\/\/ceradecolores.com\/blog\/wp-content\/uploads\/2020\/03\/Dise\u00f1o-sin-t\u00edtulo-6.png 768w\" sizes=\"(max-width: 450px) 100vw, 450px\" \/><\/li>\n<\/ul>\n<p>&nbsp;<\/p>\n<p><span style=\"color: #0000ff;\">Preparaci\u00f3n:<\/span><\/p>\n<p>Pod\u00e9is precalentar el horno a 180\u00ba mientras preparamos todo.<\/p>\n<p><span style=\"color: #000000;\">Y es tan sencillo como mezclar todos los ingredientes a la vez. Es genial esta receta porque no tenemos que vigilar el orden de las mezclas as\u00ed que para lxs\u00a0peques es un relax. Ponemos los ingredientes y\u00a0ellxs van a\u00f1adiendo y mezclando. Lo \u00fanico que hemos a\u00f1adido al final cuando estaba la mezcla lista, son las nueces.\u00a0<\/span><\/p>\n<p><span style=\"color: #000000;\"><img loading=\"lazy\" decoding=\"async\" class=\"size-medium wp-image-1416 aligncenter\" src=\"http:\/\/ceradecolores.com\/blog\/wp-content\/uploads\/2020\/03\/Dise\u00f1o-sin-t\u00edtulo-9-450x600.png\" alt=\"\" width=\"450\" height=\"600\" srcset=\"https:\/\/ceradecolores.com\/blog\/wp-content\/uploads\/2020\/03\/Dise\u00f1o-sin-t\u00edtulo-9-450x600.png 450w, https:\/\/ceradecolores.com\/blog\/wp-content\/uploads\/2020\/03\/Dise\u00f1o-sin-t\u00edtulo-9.png 768w\" sizes=\"(max-width: 450px) 100vw, 450px\" \/>\u00a0<\/span><\/p>\n<p>Si quer\u00e9is pod\u00e9is tamizar la harina. Nosotras lo hacemos porque as\u00ed nos queda m\u00e1s esponjosito, adem\u00e1s de que le gusta ver como cae la harina como si fuera nieve.<\/p>\n<p><img loading=\"lazy\" decoding=\"async\" class=\"size-medium wp-image-1417 aligncenter\" src=\"http:\/\/ceradecolores.com\/blog\/wp-content\/uploads\/2020\/03\/Dise\u00f1o-sin-t\u00edtulo-8-450x600.png\" alt=\"\" width=\"450\" height=\"600\" srcset=\"https:\/\/ceradecolores.com\/blog\/wp-content\/uploads\/2020\/03\/Dise\u00f1o-sin-t\u00edtulo-8-450x600.png 450w, https:\/\/ceradecolores.com\/blog\/wp-content\/uploads\/2020\/03\/Dise\u00f1o-sin-t\u00edtulo-8.png 768w\" sizes=\"(max-width: 450px) 100vw, 450px\" \/><\/p>\n<p>Ella fue mezclando todo lo que pudo, y al final le dimos un toque con la batidora para que quedara m\u00e1s mezcladito y le a\u00f1adimos las nueces. Ten\u00edamos nueces con su c\u00e1scara as\u00ed que en estos tiempos vamos a aprovechar todo. He guardado las c\u00e1scaras y tambi\u00e9n las de los pistachos para poder luego hacer alguna cosita con ellas. Os enterareis si lo hacemos porque lo pondr\u00e9 en las redes.<\/p>\n<p><img loading=\"lazy\" decoding=\"async\" class=\"size-medium wp-image-1418 aligncenter\" src=\"http:\/\/ceradecolores.com\/blog\/wp-content\/uploads\/2020\/03\/Dise\u00f1o-sin-t\u00edtulo-7-450x600.png\" alt=\"\" width=\"450\" height=\"600\" srcset=\"https:\/\/ceradecolores.com\/blog\/wp-content\/uploads\/2020\/03\/Dise\u00f1o-sin-t\u00edtulo-7-450x600.png 450w, https:\/\/ceradecolores.com\/blog\/wp-content\/uploads\/2020\/03\/Dise\u00f1o-sin-t\u00edtulo-7.png 768w\" sizes=\"(max-width: 450px) 100vw, 450px\" \/><\/p>\n<p>Por \u00faltimo vertemos la mezcla en un molde previamente enharinado o untado con mantequilla o aceite y al horno a 180\u00ba\u00a0durante 30\/35 minutos.<\/p>\n<p><img loading=\"lazy\" decoding=\"async\" class=\"size-medium wp-image-1420 aligncenter\" src=\"http:\/\/ceradecolores.com\/blog\/wp-content\/uploads\/2020\/03\/Dise\u00f1o-sin-t\u00edtulo-8-1-800x600.png\" alt=\"\" width=\"800\" height=\"600\" srcset=\"https:\/\/ceradecolores.com\/blog\/wp-content\/uploads\/2020\/03\/Dise\u00f1o-sin-t\u00edtulo-8-1-800x600.png 800w, https:\/\/ceradecolores.com\/blog\/wp-content\/uploads\/2020\/03\/Dise\u00f1o-sin-t\u00edtulo-8-1-768x576.png 768w, https:\/\/ceradecolores.com\/blog\/wp-content\/uploads\/2020\/03\/Dise\u00f1o-sin-t\u00edtulo-8-1.png 1024w\" sizes=\"(max-width: 800px) 100vw, 800px\" \/><\/p>\n<p>Solo queda disfrutarlo! Me gustar\u00eda saber si os ha gustado cuando la hag\u00e1is. Por aqu\u00ed ha tenido mucho \u00e9xito, queda solo la mitad. Es la segunda vez que la hacemos y la primera vez no sobr\u00f3 ni pizca. En esta ocasi\u00f3n tiene pinta de que ser\u00e1 igual.<\/p>\n<p><img loading=\"lazy\" decoding=\"async\" class=\"size-medium wp-image-1422 aligncenter\" src=\"http:\/\/ceradecolores.com\/blog\/wp-content\/uploads\/2020\/03\/Dise\u00f1o-sin-t\u00edtulo-6-1-450x600.png\" alt=\"\" width=\"450\" height=\"600\" srcset=\"https:\/\/ceradecolores.com\/blog\/wp-content\/uploads\/2020\/03\/Dise\u00f1o-sin-t\u00edtulo-6-1-450x600.png 450w, https:\/\/ceradecolores.com\/blog\/wp-content\/uploads\/2020\/03\/Dise\u00f1o-sin-t\u00edtulo-6-1.png 768w\" sizes=\"(max-width: 450px) 100vw, 450px\" \/><\/p>\n<p>&nbsp;<\/p>\n<p>Si quer\u00e9is pod\u00e9is echar un ojo a la <a href=\"http:\/\/ceradecolores.com\/blog\/2019\/09\/03\/receta-galletas-de-avena-y-chocolate\/\">receta de galletas de avena y chocolate <\/a>que tambi\u00e9n es \u00e9xito asegurado.<\/p>\n<p>Ahora que ya ten\u00e9is la receta y aprovechando que escribo en el blog me gustar\u00eda deciros lo que ya os he dicho en redes. S\u00e9 que cada realidad es diferente, s\u00e9 que hay d\u00edas dif\u00edciles, s\u00e9 que tambi\u00e9n los habr\u00e1 maravillosos, pero ahora que tenemos este tiempo, esta calma, tratad de observaros, tratad de ver d\u00f3nde est\u00e1is mejor, en la calma o en el agobio, c\u00f3mo se transmite eso al entorno con el que conviv\u00eds tan estrechamente estos d\u00edas, c\u00f3mo son m\u00e1s f\u00e1ciles los d\u00edas&#8230;<\/p>\n<p>En las escuelas waldorf, en infantil, las maestras hacen las tareas del d\u00eda a d\u00eda mientras lxs ni\u00f1xs juegan, y si quieren, pueden participar o colaborar. Con esto quiero decir que, aunque s\u00e9 que muchxs peques necesitan mucha m\u00e1s atenci\u00f3n, tratad de poco a poco ir logrando ese equilibrio entre jugar con ellxs, hacer vuestras tareas, y ver tambi\u00e9n qu\u00e9 inquietudes tienen, qu\u00e9 les apetece hacer, pero partiendo de ellos y de la espontaneidad en vez de colmarles de tareas o propuestas externas. Si les abrum\u00e1is con propuestas y todo el entretenimiento surge de vosotrxs siempre van a demandar esa distracci\u00f3n que surge del exterior. Sin embargo, si mientras vosotrxs hac\u00e9is la comida, o l\u00e9eis un poco, o lo que os apetezca hacer, ellxs buscan maneras de entretenerse un ratito a partir de sus propias inquietudes, ser\u00e1 beneficioso para todxs. Ellos potenciar\u00e1n su creatividad e imaginaci\u00f3n, y vosotrxs podr\u00e9is tener parcelas de tiempo de calma para vosotrxs, que tambi\u00e9n lo necesit\u00e1is.<\/p>\n<p>Esto es lo que he observado estos d\u00edas. Hacemos actividades juntas, por supuesto, pero propuestas por m\u00ed quiz\u00e1s es una solamente en todo el d\u00eda. El resto del d\u00eda dejo que las cosas fluyan. Este bizcocho por ejemplo fue ella que quer\u00eda hacerlo, para hoy yo ten\u00eda pensado hacer otra cosa, pero c\u00f3mo le encanta cocinar me lo propuso y lo hicimos. Me he guardado lo que pensaba hacer para otro d\u00eda o momento. Aclaro que tiene 4 a\u00f1os ahora. S\u00e9 que con m\u00e1s peques a veces se puede complicar m\u00e1s el asunto.<\/p>\n<p>No se trata de hacer todo el d\u00eda, creo que es una gran oportunidad para simplemente ser y estar. Y estar\u00e1n bien, todo saldr\u00e1 bien. \ud83d\ude42 Somos las mejores madres y los mejores padres que podemos ser en cada momento. No nos preocupemos tanto de si se aburren o de si tienen momentos de agobio, nosotrxs tambi\u00e9n los tenemos y nos sobreponemos a ellos.<\/p>\n<p>Recordad cu\u00e1ntas veces os aburr\u00edais en casa y cu\u00e1ntas veces surgieron cosas maravillosas de esos aburrimientos.<\/p>\n<p>Tambi\u00e9n es una gran oportunidad para que puedan hacer las cosas por s\u00ed mismos. Ella estos d\u00edas se prepara el desayuno sola, se viste sola, etc., porque no hay prisa, no hay que llegar a ning\u00fan sitio. Si tarda una hora en desayunar (que a veces as\u00ed es) no es motivo de agobio o enfado. El tiempo ahora es nuestro.<\/p>\n<p>Vivid el d\u00eda a d\u00eda, el presente, no pens\u00e9is en los d\u00edas que faltan, d\u00eda a d\u00eda, paso a paso. Disfrutad de esta oportunidad para estar en casa, juntxs, cuando en muchas otras ocasiones lo estabais deseando.<\/p>\n<p>Y repito, s\u00e9 que cada realidad es diferente y yo no puedo conocerlas todas, solo me gustar\u00eda transmitiros un poco de calma y cari\u00f1o.<\/p>\n<p>Un abrazo muy grande, \u00e1nimo a todas las familias y espero que os guste el bizcocho.<\/p>\n<p>&nbsp;<\/p>\n<p>&nbsp;<\/p>\n<p>&nbsp;<\/p>\n","protected":false},"excerpt":{"rendered":"<p>Hoy os quiero compartir esta receta de bizcocho de cacao que est\u00e1 tan rica y es tan f\u00e1cil de hacer con los y las peques.\u00a0<\/p>\n","protected":false},"author":1,"featured_media":1419,"comment_status":"open","ping_status":"open","sticky":false,"template":"","format":"standard","meta":{"footnotes":""},"categories":[2],"tags":[10,243,244,246,245,89],"_links":{"self":[{"href":"https:\/\/ceradecolores.com\/blog\/wp-json\/wp\/v2\/posts\/1413"}],"collection":[{"href":"https:\/\/ceradecolores.com\/blog\/wp-json\/wp\/v2\/posts"}],"about":[{"href":"https:\/\/ceradecolores.com\/blog\/wp-json\/wp\/v2\/types\/post"}],"author":[{"embeddable":true,"href":"https:\/\/ceradecolores.com\/blog\/wp-json\/wp\/v2\/users\/1"}],"replies":[{"embeddable":true,"href":"https:\/\/ceradecolores.com\/blog\/wp-json\/wp\/v2\/comments?post=1413"}],"version-history":[{"count":3,"href":"https:\/\/ceradecolores.com\/blog\/wp-json\/wp\/v2\/posts\/1413\/revisions"}],"predecessor-version":[{"id":1425,"href":"https:\/\/ceradecolores.com\/blog\/wp-json\/wp\/v2\/posts\/1413\/revisions\/1425"}],"wp:featuredmedia":[{"embeddable":true,"href":"https:\/\/ceradecolores.com\/blog\/wp-json\/wp\/v2\/media\/1419"}],"wp:attachment":[{"href":"https:\/\/ceradecolores.com\/blog\/wp-json\/wp\/v2\/media?parent=1413"}],"wp:term":[{"taxonomy":"category","embeddable":true,"href":"https:\/\/ceradecolores.com\/blog\/wp-json\/wp\/v2\/categories?post=1413"},{"taxonomy":"post_tag","embeddable":true,"href":"https:\/\/ceradecolores.com\/blog\/wp-json\/wp\/v2\/tags?post=1413"}],"curies":[{"name":"wp","href":"https:\/\/api.w.org\/{rel}","templated":true}]}}