{"id":1434,"date":"2020-03-24T21:19:50","date_gmt":"2020-03-24T20:19:50","guid":{"rendered":"http:\/\/ceradecolores.com\/blog\/?p=1434"},"modified":"2020-03-24T21:20:26","modified_gmt":"2020-03-24T20:20:26","slug":"cuadro-con-cascaras","status":"publish","type":"post","link":"https:\/\/ceradecolores.com\/blog\/2020\/03\/24\/cuadro-con-cascaras\/","title":{"rendered":"DIY: Cuadro con c\u00e1scaras"},"content":{"rendered":"<p>Estos d\u00edas hemos improvisado muchas actividades con lo que hay en casa y as\u00ed fue como hicimos este cuadro con c\u00e1scaras de pistachos y nueces.\u00a0<!--more--><\/p>\n<p>Siempre al comer pistachos me dec\u00eda que ten\u00edamos que hacer algo con las c\u00e1scaras, pero como en el d\u00eda a d\u00eda siempre hay prisas y falta de tiempo, nunca se materializaba la idea. Estos d\u00edas, como no tenemos m\u00e1s opci\u00f3n que estar en casa al fin pudimos crear algo con esa idea.<\/p>\n<p>Lo primero: comerse pistachos y nueces, que son prote\u00ednas vegetales muy sanas.<\/p>\n<p><img loading=\"lazy\" decoding=\"async\" class=\"size-medium wp-image-1444 aligncenter\" src=\"http:\/\/ceradecolores.com\/blog\/wp-content\/uploads\/2020\/03\/diy_cascaras4_ceradecolores_BLOG-840x560.jpg\" alt=\"\" width=\"840\" height=\"560\" srcset=\"https:\/\/ceradecolores.com\/blog\/wp-content\/uploads\/2020\/03\/diy_cascaras4_ceradecolores_BLOG-840x560.jpg 840w, https:\/\/ceradecolores.com\/blog\/wp-content\/uploads\/2020\/03\/diy_cascaras4_ceradecolores_BLOG-768x512.jpg 768w, https:\/\/ceradecolores.com\/blog\/wp-content\/uploads\/2020\/03\/diy_cascaras4_ceradecolores_BLOG-900x600.jpg 900w, https:\/\/ceradecolores.com\/blog\/wp-content\/uploads\/2020\/03\/diy_cascaras4_ceradecolores_BLOG.jpg 1024w\" sizes=\"(max-width: 840px) 100vw, 840px\" \/><\/p>\n<p>Despu\u00e9s hay que limpiar las c\u00e1scaras y guardarlas para nuestro prop\u00f3sito. Fuimos guard\u00e1ndolas en un cuenco y despu\u00e9s de limpiarlas en un bote de cristal para tener a disposici\u00f3n.<\/p>\n<p><img loading=\"lazy\" decoding=\"async\" class=\"size-medium wp-image-1445 aligncenter\" src=\"http:\/\/ceradecolores.com\/blog\/wp-content\/uploads\/2020\/03\/diy_cascaras5_ceradecolores_BLOG-840x560.jpg\" alt=\"\" width=\"840\" height=\"560\" srcset=\"https:\/\/ceradecolores.com\/blog\/wp-content\/uploads\/2020\/03\/diy_cascaras5_ceradecolores_BLOG-840x560.jpg 840w, https:\/\/ceradecolores.com\/blog\/wp-content\/uploads\/2020\/03\/diy_cascaras5_ceradecolores_BLOG-768x512.jpg 768w, https:\/\/ceradecolores.com\/blog\/wp-content\/uploads\/2020\/03\/diy_cascaras5_ceradecolores_BLOG-900x600.jpg 900w, https:\/\/ceradecolores.com\/blog\/wp-content\/uploads\/2020\/03\/diy_cascaras5_ceradecolores_BLOG.jpg 1024w\" sizes=\"(max-width: 840px) 100vw, 840px\" \/><\/p>\n<p>Para hacer esta propuesta necesitaremos pues:<\/p>\n<ul>\n<li>C\u00e1scaras de pistachos y nueces.<\/li>\n<li>Pegamento (cola blanca u otro que teng\u00e1is por casa)<\/li>\n<li>Un soporte: nosotras usamos cart\u00f3n gris del que vienen en los blocs de dibujo, pero a falta de ese que es muy durito y por eso lo usamos, tambi\u00e9n pod\u00e9is usar cart\u00f3n marr\u00f3n del normal o un lienzo, o lo que teng\u00e1is a mano. Recordad que siempre os digo que si no hay un material habr\u00e1 que ser creativos, pero nunca dejar de hacer algo con esa excusa.<\/li>\n<li>Pintura para darle color si queremos. (Nosotras usamos gouaches).<\/li>\n<li>Y si lo quer\u00e9is colgar, una cinta, cuerda, lana, o lo que se os ocurra. Nosotras siempre guardamos todas las cintas que vienen en diferentes envoltorios y paquetes, y as\u00ed tenemos un mont\u00f3n para hacer este tipo de cosas.<\/li>\n<\/ul>\n<p>\u00bfC\u00f3mo hacerlo? Recordad ante todo que lo m\u00e1s importante ese que lxs peques creen libremente. La propuesta es el material pero lo que hagan con \u00e9l en su soporte deber\u00eda ser libre.<\/p>\n<p>As\u00ed pues, con el pegamento aplicado con un pincel al soporte se va pegando las c\u00e1scaras de manera libre.<\/p>\n<p><img loading=\"lazy\" decoding=\"async\" class=\"size-medium wp-image-1442 aligncenter\" src=\"http:\/\/ceradecolores.com\/blog\/wp-content\/uploads\/2020\/03\/diy_cascaras2_ceradecolores_BLOG-840x560.jpg\" alt=\"\" width=\"840\" height=\"560\" srcset=\"https:\/\/ceradecolores.com\/blog\/wp-content\/uploads\/2020\/03\/diy_cascaras2_ceradecolores_BLOG-840x560.jpg 840w, https:\/\/ceradecolores.com\/blog\/wp-content\/uploads\/2020\/03\/diy_cascaras2_ceradecolores_BLOG-768x512.jpg 768w, https:\/\/ceradecolores.com\/blog\/wp-content\/uploads\/2020\/03\/diy_cascaras2_ceradecolores_BLOG-900x600.jpg 900w, https:\/\/ceradecolores.com\/blog\/wp-content\/uploads\/2020\/03\/diy_cascaras2_ceradecolores_BLOG.jpg 1024w\" sizes=\"(max-width: 840px) 100vw, 840px\" \/><\/p>\n<p><img loading=\"lazy\" decoding=\"async\" class=\"size-medium wp-image-1447 aligncenter\" src=\"http:\/\/ceradecolores.com\/blog\/wp-content\/uploads\/2020\/03\/diy_cascaras7_ceradecolores_BLOG-840x404.jpg\" alt=\"\" width=\"840\" height=\"404\" srcset=\"https:\/\/ceradecolores.com\/blog\/wp-content\/uploads\/2020\/03\/diy_cascaras7_ceradecolores_BLOG-840x404.jpg 840w, https:\/\/ceradecolores.com\/blog\/wp-content\/uploads\/2020\/03\/diy_cascaras7_ceradecolores_BLOG-768x369.jpg 768w, https:\/\/ceradecolores.com\/blog\/wp-content\/uploads\/2020\/03\/diy_cascaras7_ceradecolores_BLOG.jpg 1024w\" sizes=\"(max-width: 840px) 100vw, 840px\" \/><\/p>\n<p>Hay que dejarlo secar una vez hayamos terminado esta fase \u00a0para despu\u00e9s pintarlo tambi\u00e9n libremente.<\/p>\n<p><img loading=\"lazy\" decoding=\"async\" class=\"size-medium wp-image-1446 aligncenter\" src=\"http:\/\/ceradecolores.com\/blog\/wp-content\/uploads\/2020\/03\/diy_cascaras6_ceradecolores_BLOG-840x560.jpg\" alt=\"\" width=\"840\" height=\"560\" srcset=\"https:\/\/ceradecolores.com\/blog\/wp-content\/uploads\/2020\/03\/diy_cascaras6_ceradecolores_BLOG-840x560.jpg 840w, https:\/\/ceradecolores.com\/blog\/wp-content\/uploads\/2020\/03\/diy_cascaras6_ceradecolores_BLOG-768x512.jpg 768w, https:\/\/ceradecolores.com\/blog\/wp-content\/uploads\/2020\/03\/diy_cascaras6_ceradecolores_BLOG-900x600.jpg 900w, https:\/\/ceradecolores.com\/blog\/wp-content\/uploads\/2020\/03\/diy_cascaras6_ceradecolores_BLOG.jpg 1024w\" sizes=\"(max-width: 840px) 100vw, 840px\" \/><img loading=\"lazy\" decoding=\"async\" class=\"size-medium wp-image-1449 aligncenter\" src=\"http:\/\/ceradecolores.com\/blog\/wp-content\/uploads\/2020\/03\/diy_cascaras9_ceradecolores_BLOG-840x560.jpg\" alt=\"\" width=\"840\" height=\"560\" srcset=\"https:\/\/ceradecolores.com\/blog\/wp-content\/uploads\/2020\/03\/diy_cascaras9_ceradecolores_BLOG-840x560.jpg 840w, https:\/\/ceradecolores.com\/blog\/wp-content\/uploads\/2020\/03\/diy_cascaras9_ceradecolores_BLOG-768x512.jpg 768w, https:\/\/ceradecolores.com\/blog\/wp-content\/uploads\/2020\/03\/diy_cascaras9_ceradecolores_BLOG-900x600.jpg 900w, https:\/\/ceradecolores.com\/blog\/wp-content\/uploads\/2020\/03\/diy_cascaras9_ceradecolores_BLOG.jpg 1024w\" sizes=\"(max-width: 840px) 100vw, 840px\" \/><\/p>\n<p><img loading=\"lazy\" decoding=\"async\" class=\"size-medium wp-image-1448 aligncenter\" src=\"http:\/\/ceradecolores.com\/blog\/wp-content\/uploads\/2020\/03\/diy_cascaras8_ceradecolores_BLOG-840x560.jpg\" alt=\"\" width=\"840\" height=\"560\" srcset=\"https:\/\/ceradecolores.com\/blog\/wp-content\/uploads\/2020\/03\/diy_cascaras8_ceradecolores_BLOG-840x560.jpg 840w, https:\/\/ceradecolores.com\/blog\/wp-content\/uploads\/2020\/03\/diy_cascaras8_ceradecolores_BLOG-768x512.jpg 768w, https:\/\/ceradecolores.com\/blog\/wp-content\/uploads\/2020\/03\/diy_cascaras8_ceradecolores_BLOG-900x600.jpg 900w, https:\/\/ceradecolores.com\/blog\/wp-content\/uploads\/2020\/03\/diy_cascaras8_ceradecolores_BLOG.jpg 1024w\" sizes=\"(max-width: 840px) 100vw, 840px\" \/><\/p>\n<p>Se puede colgar o no, es opcional, incluso si ten\u00e9is una mesa de estaci\u00f3n se podr\u00eda poner si la tem\u00e1tica surgida es acorde a la estaci\u00f3n en la que estemos.<\/p>\n<p>Nosotras la colgamos en el porche para decorarlo un poco que a\u00fan est\u00e1 desangelado.<\/p>\n<p><img loading=\"lazy\" decoding=\"async\" class=\"size-medium wp-image-1450 aligncenter\" src=\"http:\/\/ceradecolores.com\/blog\/wp-content\/uploads\/2020\/03\/diy_cascaras10_ceradecolores_BLOG-840x560.jpg\" alt=\"\" width=\"840\" height=\"560\" srcset=\"https:\/\/ceradecolores.com\/blog\/wp-content\/uploads\/2020\/03\/diy_cascaras10_ceradecolores_BLOG-840x560.jpg 840w, https:\/\/ceradecolores.com\/blog\/wp-content\/uploads\/2020\/03\/diy_cascaras10_ceradecolores_BLOG-768x512.jpg 768w, https:\/\/ceradecolores.com\/blog\/wp-content\/uploads\/2020\/03\/diy_cascaras10_ceradecolores_BLOG-900x600.jpg 900w, https:\/\/ceradecolores.com\/blog\/wp-content\/uploads\/2020\/03\/diy_cascaras10_ceradecolores_BLOG.jpg 1024w\" sizes=\"(max-width: 840px) 100vw, 840px\" \/><\/p>\n<p>Y a m\u00ed c\u00f3mo me toc\u00f3 la parte del cart\u00f3n gris con perforaciones del bloc\u00a0(c\u00f3mo no, jaja, ella escogi\u00f3 el pedazo grande) \u00a0decid\u00ed ponerle la cinta como si estuviera cosida. En un \u00a0primer momento \u00a0le iba a quitar la parte perforada pero despu\u00e9s me gust\u00f3 as\u00ed.<\/p>\n<p><img loading=\"lazy\" decoding=\"async\" class=\"size-medium wp-image-1451 aligncenter\" src=\"http:\/\/ceradecolores.com\/blog\/wp-content\/uploads\/2020\/03\/diy_cascaras11_ceradecolores_BLOG-840x560.jpg\" alt=\"\" width=\"840\" height=\"560\" srcset=\"https:\/\/ceradecolores.com\/blog\/wp-content\/uploads\/2020\/03\/diy_cascaras11_ceradecolores_BLOG-840x560.jpg 840w, https:\/\/ceradecolores.com\/blog\/wp-content\/uploads\/2020\/03\/diy_cascaras11_ceradecolores_BLOG-768x512.jpg 768w, https:\/\/ceradecolores.com\/blog\/wp-content\/uploads\/2020\/03\/diy_cascaras11_ceradecolores_BLOG-900x600.jpg 900w, https:\/\/ceradecolores.com\/blog\/wp-content\/uploads\/2020\/03\/diy_cascaras11_ceradecolores_BLOG.jpg 1024w\" sizes=\"(max-width: 840px) 100vw, 840px\" \/><\/p>\n<p>Espero que os lo pas\u00e9is genial haci\u00e9ndolo este cuadro con c\u00e1scaras de pistachos y nueces, que es lo m\u00e1s importante y aprovech\u00e9is este tiempo para dedicarlo a tiempo de calidad en familia y si es creativo, mejor. \ud83d\ude42<\/p>\n<p>Si quer\u00e9is m\u00e1s ideas pod\u00e9is visitar la secci\u00f3n de<a href=\"http:\/\/ceradecolores.com\/blog\/category\/hazlo-tu-mismo-diy\/\"> DIY del blog\u00a0<\/a><\/p>\n<p>Ya hab\u00edais hecho algo as\u00ed? Quer\u00e9is m\u00e1s ideas para estos d\u00edas? Nosotras estamos haciendo cositas que se nos van ocurriendo usando cosas de desecho.<\/p>\n<p>&nbsp;<\/p>\n","protected":false},"excerpt":{"rendered":"<p>Estos d\u00edas hemos improvisado muchas actividades con lo que hay en casa y as\u00ed fue como hicimos este cuadro con c\u00e1scaras de pistachos y nueces.\u00a0<\/p>\n","protected":false},"author":1,"featured_media":1452,"comment_status":"open","ping_status":"open","sticky":false,"template":"","format":"standard","meta":{"footnotes":""},"categories":[6],"tags":[251,252,253,70,28,254],"_links":{"self":[{"href":"https:\/\/ceradecolores.com\/blog\/wp-json\/wp\/v2\/posts\/1434"}],"collection":[{"href":"https:\/\/ceradecolores.com\/blog\/wp-json\/wp\/v2\/posts"}],"about":[{"href":"https:\/\/ceradecolores.com\/blog\/wp-json\/wp\/v2\/types\/post"}],"author":[{"embeddable":true,"href":"https:\/\/ceradecolores.com\/blog\/wp-json\/wp\/v2\/users\/1"}],"replies":[{"embeddable":true,"href":"https:\/\/ceradecolores.com\/blog\/wp-json\/wp\/v2\/comments?post=1434"}],"version-history":[{"count":4,"href":"https:\/\/ceradecolores.com\/blog\/wp-json\/wp\/v2\/posts\/1434\/revisions"}],"predecessor-version":[{"id":1467,"href":"https:\/\/ceradecolores.com\/blog\/wp-json\/wp\/v2\/posts\/1434\/revisions\/1467"}],"wp:featuredmedia":[{"embeddable":true,"href":"https:\/\/ceradecolores.com\/blog\/wp-json\/wp\/v2\/media\/1452"}],"wp:attachment":[{"href":"https:\/\/ceradecolores.com\/blog\/wp-json\/wp\/v2\/media?parent=1434"}],"wp:term":[{"taxonomy":"category","embeddable":true,"href":"https:\/\/ceradecolores.com\/blog\/wp-json\/wp\/v2\/categories?post=1434"},{"taxonomy":"post_tag","embeddable":true,"href":"https:\/\/ceradecolores.com\/blog\/wp-json\/wp\/v2\/tags?post=1434"}],"curies":[{"name":"wp","href":"https:\/\/api.w.org\/{rel}","templated":true}]}}