{"id":47,"date":"2016-09-04T22:09:22","date_gmt":"2016-09-04T22:09:22","guid":{"rendered":"https:\/\/ceradecolores.wordpress.com\/?p=47"},"modified":"2017-02-20T00:02:18","modified_gmt":"2017-02-20T00:02:18","slug":"por-que-he-decidido-pintar-la-habitacion-de-mi-hija-con-la-tecnica-lazure","status":"publish","type":"post","link":"https:\/\/ceradecolores.com\/blog\/2016\/09\/04\/por-que-he-decidido-pintar-la-habitacion-de-mi-hija-con-la-tecnica-lazure\/","title":{"rendered":"Efecto Lazure. \u00bfComo conseguirlo?"},"content":{"rendered":"<p>Hoy te hablar\u00e9 de la t\u00e9cnica llamada <em>Lazure\u00a0<\/em>y te explicar\u00e9 c\u00f3mo conseguir ese efecto en tu casa sin tener que gastar demasiado dinero.\u00a0<!--more--><\/p>\n<p><span style=\"font-weight: 400;\">La t\u00e9cnica conocida como <\/span><i><span style=\"font-weight: 400;\">Lazure painting<\/span><\/i><span style=\"font-weight: 400;\"> es la que emplean las escuelas Waldorf para pintar sus paredes y crear esa envoltura especial en sus espacios. \u00a0Si has visitado alguna escuela Waldorf habr\u00e1s podido experimentar ese ambiente que te envuelve y no te deja indiferente.<\/span><\/p>\n<p>El origen de este tipo de pintura est\u00e1 en Rudolf Steiner, creador de la\u00a0pedagog\u00eda Waldorf entre otras muchas cosas. \u00c9l anim\u00f3 a pintar las paredes con colores radiantes y transparentes con el fin de conseguir una experiencia pura y sentir el color en todo el espacio y no s\u00f3lo en la pared.<\/p>\n<p><span style=\"font-weight: 400;\">La primera Escuela Waldorf pintada completamente con esta t\u00e9cnica fue la Escuela Kristoffer en Suecia en 1956-57.<\/span><\/p>\n<p>Pod\u00e9is ver en mi <a href=\"https:\/\/es.pinterest.com\/arianegoes\/\">pinterest<\/a> el <a href=\"https:\/\/es.pinterest.com\/arianegoes\/lazure-paintaing\/?etslf=2998&amp;eq=lazure\">tablero<\/a> que tengo con diferentes paredes pintadas empleando esta t\u00e9cnica.<\/p>\n<h2><span style=\"color: #3f6bb3;\"><strong>C\u00f3mo se hace:<\/strong><\/span><\/h2>\n<p>&nbsp;<\/p>\n<p>Necesitamos que la pared que vayamos a pintar sea de color blanco. Si ya est\u00e1 de ese color no tendremos que hacer nada m\u00e1s a no ser que queramos corregir alguna mancha que tenga que entonces pintar\u00edamos con blanco esa zona.<\/p>\n<p>Ahora tendemos que preparar la o las pinturas. Este es la receta que emple\u00e9 yo:<\/p>\n<ul>\n<li style=\"font-weight: 400;\"><span style=\"font-weight: 400;\">2 vasos de agua<\/span><\/li>\n<li style=\"font-weight: 400;\"><span style=\"font-weight: 400;\">\u00bc vaso de Polymer Medium<\/span><\/li>\n<li style=\"font-weight: 400;\"><span style=\"font-weight: 400;\">1 cucharadita de caf\u00e9 de acuarela Cotman<\/span><\/li>\n<li style=\"font-weight: 400;\"><span style=\"font-weight: 400;\">1 cucharada soperas\u00a0de acr\u00edlico blanco<\/span><\/li>\n<\/ul>\n<p>Yo us\u00e9 estas cantidades para cada color que emple\u00e9, un total de 5. Es decir, que si t\u00fa s\u00f3lo quieres pintarla de un\u00a0color, tendr\u00e1s que multiplicar las cantidades por 5\u00a0para pintar una habitaci\u00f3n de m\u00e1s o menos 9 metros cuadrados. Es decir:<\/p>\n<ul>\n<li>10 vasos de agua<\/li>\n<li>4 1\/4 vasos de Polymer Medium<\/li>\n<li>5 cucharaditas de caf\u00e9 de acuarela Cotman del color que hayas escogido.<\/li>\n<li>5 cucharadas soperas de acr\u00edlico blanco.<\/li>\n<\/ul>\n<p>Si quieres pintarla de m\u00e1s de un color tendr\u00e1s que dividir estas cantidades totales entre los colores que quieras ya que cada color lo tienes que preparar por separado.<\/p>\n<p><img loading=\"lazy\" decoding=\"async\" class=\"size-large wp-image-150 aligncenter\" src=\"https:\/\/ceradecolores.files.wordpress.com\/2016\/09\/acuarelas1.jpg?w=760\" alt=\"Acuarelas Cotman de diferentes colores\" width=\"760\" height=\"507\" srcset=\"https:\/\/ceradecolores.com\/blog\/wp-content\/uploads\/2016\/09\/acuarelas1.jpg 1024w, https:\/\/ceradecolores.com\/blog\/wp-content\/uploads\/2016\/09\/acuarelas1-300x200.jpg 300w, https:\/\/ceradecolores.com\/blog\/wp-content\/uploads\/2016\/09\/acuarelas1-768x512.jpg 768w\" sizes=\"(max-width: 760px) 100vw, 760px\" \/><\/p>\n<p>Los colores que yo he utilizado son: azul cobalto, amarillo lim\u00f3n, amarillo cadmio, rojo cadmio y rojo alizar\u00edn.<\/p>\n<p><img loading=\"lazy\" decoding=\"async\" class=\"size-large wp-image-152 aligncenter\" src=\"https:\/\/ceradecolores.files.wordpress.com\/2016\/09\/esponja-y-medium1.jpg?w=760\" alt=\"Brocha y medium necesarios para la t\u00e9cnica lazure\" width=\"760\" height=\"507\" srcset=\"https:\/\/ceradecolores.com\/blog\/wp-content\/uploads\/2016\/09\/esponja-y-medium1.jpg 1024w, https:\/\/ceradecolores.com\/blog\/wp-content\/uploads\/2016\/09\/esponja-y-medium1-300x200.jpg 300w, https:\/\/ceradecolores.com\/blog\/wp-content\/uploads\/2016\/09\/esponja-y-medium1-768x512.jpg 768w\" sizes=\"(max-width: 760px) 100vw, 760px\" \/><\/p>\n<p><img loading=\"lazy\" decoding=\"async\" class=\"size-large wp-image-151 aligncenter\" src=\"https:\/\/ceradecolores.files.wordpress.com\/2016\/09\/brocha_medium1.jpg?w=760\" alt=\"Brocha Y medium necesarios para la t\u00e9cnica Lazure.\" width=\"760\" height=\"507\" srcset=\"https:\/\/ceradecolores.com\/blog\/wp-content\/uploads\/2016\/09\/brocha_medium1.jpg 1024w, https:\/\/ceradecolores.com\/blog\/wp-content\/uploads\/2016\/09\/brocha_medium1-300x200.jpg 300w, https:\/\/ceradecolores.com\/blog\/wp-content\/uploads\/2016\/09\/brocha_medium1-768x512.jpg 768w\" sizes=\"(max-width: 760px) 100vw, 760px\" \/><\/p>\n<p>Este es el medium que yo compr\u00e9. Est\u00e1 bien usarlo porque aporta durabilidad a nuestra pintura pero tambi\u00e9n puedes hacerlo sin \u00e9l. La brocha la compr\u00e9 en una ferreter\u00eda y me cost\u00f3 4.25 \u20ac.<\/p>\n<p>Y este ha sido el proceso:<\/p>\n<p><img loading=\"lazy\" decoding=\"async\" class=\"size-large wp-image-153 aligncenter\" src=\"https:\/\/ceradecolores.files.wordpress.com\/2016\/09\/lazure_habitacion_00.jpg?w=760\" alt=\"Proceso de pintura con la t\u00e9cnica Lazure.\" width=\"760\" height=\"570\" srcset=\"https:\/\/ceradecolores.com\/blog\/wp-content\/uploads\/2016\/09\/lazure_habitacion_00.jpg 960w, https:\/\/ceradecolores.com\/blog\/wp-content\/uploads\/2016\/09\/lazure_habitacion_00-300x225.jpg 300w, https:\/\/ceradecolores.com\/blog\/wp-content\/uploads\/2016\/09\/lazure_habitacion_00-768x576.jpg 768w\" sizes=\"(max-width: 760px) 100vw, 760px\" \/><\/p>\n<p>Utilic\u00e9 acr\u00edlico blanco para pintar las nubes.<\/p>\n<p><img loading=\"lazy\" decoding=\"async\" class=\"size-large wp-image-154 aligncenter\" src=\"https:\/\/ceradecolores.files.wordpress.com\/2016\/09\/lazure_habitacion_01.jpg?w=760\" alt=\"Proceso de pintura con la t\u00e9cnica Lazure.\" width=\"760\" height=\"570\" srcset=\"https:\/\/ceradecolores.com\/blog\/wp-content\/uploads\/2016\/09\/lazure_habitacion_01.jpg 960w, https:\/\/ceradecolores.com\/blog\/wp-content\/uploads\/2016\/09\/lazure_habitacion_01-300x225.jpg 300w, https:\/\/ceradecolores.com\/blog\/wp-content\/uploads\/2016\/09\/lazure_habitacion_01-768x576.jpg 768w\" sizes=\"(max-width: 760px) 100vw, 760px\" \/><\/p>\n<p>As\u00ed qued\u00f3 nada m\u00e1s terminar de pintar, las transiciones no se aprecian demasiado bien y parece que son franjas de colores. Cuando seca se suavizan esas separaciones de color.<\/p>\n<p>&nbsp;<\/p>\n<p><img loading=\"lazy\" decoding=\"async\" class=\"size-large wp-image-155 aligncenter\" src=\"https:\/\/ceradecolores.files.wordpress.com\/2016\/09\/lazure_habitacion_2.jpg?w=760\" alt=\"Pared pintada con la t\u00e9cnica Lazure\" width=\"760\" height=\"570\" srcset=\"https:\/\/ceradecolores.com\/blog\/wp-content\/uploads\/2016\/09\/lazure_habitacion_2.jpg 960w, https:\/\/ceradecolores.com\/blog\/wp-content\/uploads\/2016\/09\/lazure_habitacion_2-300x225.jpg 300w, https:\/\/ceradecolores.com\/blog\/wp-content\/uploads\/2016\/09\/lazure_habitacion_2-768x576.jpg 768w\" sizes=\"(max-width: 760px) 100vw, 760px\" \/>\u00a0\u00a0<img loading=\"lazy\" decoding=\"async\" class=\"size-large wp-image-158 aligncenter\" src=\"https:\/\/ceradecolores.files.wordpress.com\/2016\/09\/lazure_habitacion_5.jpg?w=760\" alt=\"Habitaci\u00f3n pintada con la t\u00e9cnica Lazure\" width=\"760\" height=\"570\" srcset=\"https:\/\/ceradecolores.com\/blog\/wp-content\/uploads\/2016\/09\/lazure_habitacion_5.jpg 960w, https:\/\/ceradecolores.com\/blog\/wp-content\/uploads\/2016\/09\/lazure_habitacion_5-300x225.jpg 300w, https:\/\/ceradecolores.com\/blog\/wp-content\/uploads\/2016\/09\/lazure_habitacion_5-768x576.jpg 768w\" sizes=\"(max-width: 760px) 100vw, 760px\" \/>\u00a0<img loading=\"lazy\" decoding=\"async\" class=\"size-large wp-image-157 aligncenter\" src=\"https:\/\/ceradecolores.files.wordpress.com\/2016\/09\/lazure_habitacion_4.jpg?w=760\" alt=\"Habitaci\u00f3n pintada con la t\u00e9cnica Lazure\" width=\"760\" height=\"570\" srcset=\"https:\/\/ceradecolores.com\/blog\/wp-content\/uploads\/2016\/09\/lazure_habitacion_4.jpg 960w, https:\/\/ceradecolores.com\/blog\/wp-content\/uploads\/2016\/09\/lazure_habitacion_4-300x225.jpg 300w, https:\/\/ceradecolores.com\/blog\/wp-content\/uploads\/2016\/09\/lazure_habitacion_4-768x576.jpg 768w\" sizes=\"(max-width: 760px) 100vw, 760px\" \/><\/p>\n<p>Los muebles los hizo mi padre y no los pod\u00eda haber hecho con m\u00e1s amor.<\/p>\n<p>La cuna sab\u00edamos que no la \u00edbamos a utilizar en mucho tiempo. La hizo de modo que valiera para cuando Estrella fuera m\u00e1s grande. Tambi\u00e9n se puede usar como sof\u00e1 quitando uno de los laterales y a la vez tiene espacio de almacenaje en la parte de abajo.<\/p>\n<p><img loading=\"lazy\" decoding=\"async\" class=\"size-large wp-image-160 aligncenter\" src=\"https:\/\/ceradecolores.files.wordpress.com\/2016\/09\/lazure_habitacion_6.jpg?w=760\" alt=\"Habitaci\u00f3n pintada con la t\u00e9cnica Lazure\" width=\"760\" height=\"507\" srcset=\"https:\/\/ceradecolores.com\/blog\/wp-content\/uploads\/2016\/09\/lazure_habitacion_6.jpg 1024w, https:\/\/ceradecolores.com\/blog\/wp-content\/uploads\/2016\/09\/lazure_habitacion_6-300x200.jpg 300w, https:\/\/ceradecolores.com\/blog\/wp-content\/uploads\/2016\/09\/lazure_habitacion_6-768x512.jpg 768w\" sizes=\"(max-width: 760px) 100vw, 760px\" \/><\/p>\n<p>As\u00ed es c\u00f3mo est\u00e1 ahora mismo. Nos encanta pasar los ratos en su habitaci\u00f3n leyendo, jugando y riendo.<\/p>\n<p>&nbsp;<\/p>\n<h2><span style=\"color: #3f6bb3;\"><b>El verdadero motivo&#8230;<\/b><\/span><\/h2>\n<p>&nbsp;<\/p>\n<p><span style=\"font-weight: 400;\">Hoy en d\u00eda los ni\u00f1os est\u00e1n sometidos desde que nacen a im\u00e1genes concretas y estructuradas, con colores fuertes e informaciones terminadas. Sus habitaciones est\u00e1n llenas de personajes de ficci\u00f3n y estampados infantiles. Sus juguetes tienen luces y sonidos integrados que incluso a cualquier persona les puede llegar a irritar y afectar de alg\u00fan modo. <\/span><\/p>\n<p>&nbsp;<\/p>\n<p><span style=\"font-weight: 400;\">Bernardette H\u00e9gu lo explica muy bien en: <\/span><i><span style=\"font-weight: 400;\">El desarrollo de la pintura y el dibujo en las escuelas \u00a0Steiner-Waldorf. Un ensayo.<\/span><\/i><\/p>\n<p>&nbsp;<\/p>\n<blockquote><p><span style=\"font-weight: 400;\">\u201c Hoy, el ni\u00f1o es despertado precozmente al mundo material que le rodea. Hace una inmersi\u00f3n dolorosa en las realidades reservadas hasta m\u00e1s all\u00e1, hasta que sea adulto y sus fuerzas pueden ser comparadas a una joven planta plantada sobre un suelo \u00e1rido.\u201d<\/span><\/p><\/blockquote>\n<p>&nbsp;<\/p>\n<p><span style=\"font-weight: 400;\">Quer\u00eda ofrecerle un ambiente c\u00e1lido y suave, sin dibujos que no fuera capaz de asimilar, necesitaba envolverla con sensaciones y colores puros y con materiales naturales y vivos, por eso todos los muebles son de madera y hechos a mano.<\/span><\/p>\n<p><span style=\"font-weight: 400;\">Pretend\u00eda evitar los dibujos infantiles donde personifican todo tipo de objetos y animales poni\u00e9ndoles grandes ojos y amplias sonrisas. <\/span><\/p>\n<p><span style=\"font-weight: 400;\">Siempre trataba de ponerme en la piel de mi beb\u00e9 reci\u00e9n nacido. Intentaba imaginar o tratar de recordar cu\u00e1les eran mis necesidades al nacer y s\u00f3lo me ven\u00edan a la mente colores pastel y formas delicadas, una luz agradable y tenue \u00a0y mucho, mucho contacto y amor.<\/span><\/p>\n<p>Supongo que la ilusi\u00f3n de preparar la habitaci\u00f3n de nuestro beb\u00e9 que est\u00e1 por llegar la hemos tenido muchos padres, yo sent\u00eda que ten\u00eda que preparar ese espacio, me imaginaba dando el pecho y tambi\u00e9n ley\u00e9ndole libros en su butaca azul rodeadas de ese ambiente de paz y armon\u00eda.<\/p>\n<p><span style=\"font-weight: 400;\">Y aunque es verdad que pasamos largos ratos en su habitaci\u00f3n jugando, riendo y leyendo cuentos, o incluso cuando estamos m\u00e1s alteradas y necesitamos una pausa, ella nunca ha dormido en su habitaci\u00f3n y dudo que lo haga en mucho tiempo. Por lo que para m\u00ed lo ideal ser\u00eda llevar este ambiente a toda la casa y no dudar\u00e9 en hacerlo en cuanto nos sea posible. <\/span><\/p>\n<p>&nbsp;<\/p>\n<p><span style=\"color: #3f6bb3;\"><em><span style=\"font-weight: 400;\">\u00bfT\u00fa vivir\u00edas en una casa pintada de este modo? \u00bfTe animar\u00edas al menos a pintar una habitaci\u00f3n con esta t\u00e9cnica? \u00a1Me encantar\u00eda saberlo as\u00ed que an\u00edmate a dejarme un comentario con tu opini\u00f3n!<\/span><\/em><\/span><\/p>\n<p>&nbsp;<\/p>\n","protected":false},"excerpt":{"rendered":"<p>Hoy te hablar\u00e9 de la t\u00e9cnica llamada Lazure\u00a0y te explicar\u00e9 c\u00f3mo conseguir ese efecto en tu casa sin tener que gastar demasiado dinero.\u00a0<\/p>\n","protected":false},"author":1,"featured_media":477,"comment_status":"open","ping_status":"open","sticky":false,"template":"","format":"standard","meta":{"footnotes":""},"categories":[6,7],"tags":[9,16,28,37,39,44,50],"_links":{"self":[{"href":"https:\/\/ceradecolores.com\/blog\/wp-json\/wp\/v2\/posts\/47"}],"collection":[{"href":"https:\/\/ceradecolores.com\/blog\/wp-json\/wp\/v2\/posts"}],"about":[{"href":"https:\/\/ceradecolores.com\/blog\/wp-json\/wp\/v2\/types\/post"}],"author":[{"embeddable":true,"href":"https:\/\/ceradecolores.com\/blog\/wp-json\/wp\/v2\/users\/1"}],"replies":[{"embeddable":true,"href":"https:\/\/ceradecolores.com\/blog\/wp-json\/wp\/v2\/comments?post=47"}],"version-history":[{"count":6,"href":"https:\/\/ceradecolores.com\/blog\/wp-json\/wp\/v2\/posts\/47\/revisions"}],"predecessor-version":[{"id":484,"href":"https:\/\/ceradecolores.com\/blog\/wp-json\/wp\/v2\/posts\/47\/revisions\/484"}],"wp:featuredmedia":[{"embeddable":true,"href":"https:\/\/ceradecolores.com\/blog\/wp-json\/wp\/v2\/media\/477"}],"wp:attachment":[{"href":"https:\/\/ceradecolores.com\/blog\/wp-json\/wp\/v2\/media?parent=47"}],"wp:term":[{"taxonomy":"category","embeddable":true,"href":"https:\/\/ceradecolores.com\/blog\/wp-json\/wp\/v2\/categories?post=47"},{"taxonomy":"post_tag","embeddable":true,"href":"https:\/\/ceradecolores.com\/blog\/wp-json\/wp\/v2\/tags?post=47"}],"curies":[{"name":"wp","href":"https:\/\/api.w.org\/{rel}","templated":true}]}}