{"id":638,"date":"2017-05-01T16:19:34","date_gmt":"2017-05-01T14:19:34","guid":{"rendered":"http:\/\/ceradecolores.com\/blog\/?p=638"},"modified":"2017-05-01T16:19:34","modified_gmt":"2017-05-01T14:19:34","slug":"nace-la-asociacion-rede-cria","status":"publish","type":"post","link":"https:\/\/ceradecolores.com\/blog\/2017\/05\/01\/nace-la-asociacion-rede-cria\/","title":{"rendered":"\u00a1Nace la Asociaci\u00f3n Rede CRIA!"},"content":{"rendered":"<p>Este es un post muy especial para m\u00ed porque te hablar\u00e9 de algo en lo que llevamos trabajando meses.<!--more--><\/p>\n<p>&nbsp;<\/p>\n<p>Este viernes 28 de abril hicimos la presentaci\u00f3n de la <strong>asociaci\u00f3n Rede CRIA<\/strong> en la que llevo trabajando, junto a otras muchas familias, durante varios meses. Hoy quiero hablarte de ella y de nuestra historia, as\u00ed como de nuestros prop\u00f3sitos.<\/p>\n<h2><span style=\"color: #273995;\">Nuestra historia<\/span><\/h2>\n<p>&nbsp;<\/p>\n<p>Todo empez\u00f3 en un grupo de postparto de un centro de salud de Vigo, el Nicol\u00e1s Pe\u00f1a. Las reuniones que hac\u00edamos en este grupo eran mucho m\u00e1s que eso, eran reuniones donde hac\u00edamos tribu. Nos reun\u00edamos muchas madres y algunos padres para hablar de lo que nos preocupaba en relaci\u00f3n a nuestra salud, la de nuestros peques, as\u00ed como de la lactancia materna y crianza.<\/p>\n<p>Todo esto ocurr\u00eda bajo la iniciativa, apoyo y amparo de una matrona excepcional, una matrona que realmente ama su profesi\u00f3n y la defiende a capa y espada as\u00ed como defiende un\u00a0estilo de crianza natural y sobre todo, la lactancia materna.<\/p>\n<p>Yo la conoc\u00ed en las clases de preparaci\u00f3n al parto y era la primera vez que o\u00eda hablar a una profesional de la salud de temas tan importantes para nosotros como era el porteo, la alimentaci\u00f3n autoregulada,\u00a0el colecho&#8230; \u00a1Lo hac\u00eda con tanto amor y pasi\u00f3n!<\/p>\n<p>Yo me puse muy contenta por haber encontrado a una profesional que compart\u00eda los ideales que hab\u00edamos escogido mi pareja y yo como base de la crianza que le \u00edbamos a dar a nuestra hija.<\/p>\n<p>Por esto motivo, un d\u00eda decid\u00ed acercarme\u00a0a estos talleres para agradecerle todo lo que hab\u00eda significado para nosotros. Me sent\u00ed tan c\u00f3moda en el grupo que decid\u00ed frecuentar el taller\u00a0para seguir compartiendo nuestras dudas e inquietudes con m\u00e1s familias.<\/p>\n<p>Era muy\u00a0bonito lo que se experimentaba all\u00ed. El poder ayudar a las familias m\u00e1s recientes era muy gratificante as\u00ed que\u00a0el grupo de familias veteranas decidimos crear una asociaci\u00f3n sin \u00e1nimo de lucro para expandir esa buena experiencia a muchas m\u00e1s familias y as\u00ed poder ayudar a compartir un estilo de crianza respetuoso basado en el amor.<\/p>\n<p>De una conversaci\u00f3n en el grupo de WhatsApp del grupo de familias que frecuent\u00e1bamos los talleres surgi\u00f3 la idea y nos pusimos manos a la obra.<\/p>\n<p>Y as\u00ed, despu\u00e9s de varios meses de preparaci\u00f3n y reuniones debatiendo c\u00f3mo quer\u00edamos enfocar este nuevo camino que inici\u00e1bamos, este mismo viernes pudimos darlo a conocer a la sociedad.<\/p>\n<p>Reconozco que fue much\u00edsimo trabajo: estatutos, acta fundacional,dise\u00f1o de identidad corporativa, web, manifiesto, dise\u00f1o de actividades, b\u00fasqueda de espacios&#8230; pero es que todas las familias que particip\u00e1bamos lo hac\u00edamos con tanta ilusi\u00f3n y entrega que sin duda ha merecido la pena.<\/p>\n<p>Quiero compartir contigo el Manifiesto donde se ven reflejados nuestros prop\u00f3sitos as\u00ed como todo aquello que defendemos y rechazamos.<\/p>\n<p>&nbsp;<\/p>\n<h2><span style=\"color: #273995;\">Manifiesto<\/span><\/h2>\n<p>&nbsp;<\/p>\n<p dir=\"ltr\">Rede CRIA <strong>considera<\/strong> que:<\/p>\n<ul>\n<li dir=\"ltr\">\n<p dir=\"ltr\">Vivimos en un mundo que tiende al adultocentrismo, un mundo en el que priman las necesidades y ritmos de los adultos frente a las de los beb\u00e9s y ni\u00f1os de cualquier edad.<\/p>\n<\/li>\n<\/ul>\n<p dir=\"ltr\">\u00a0 \u00a0 \u00a0 \u00a0 \u00a0 \u00a0 Un mundo falto de tolerancia y respeto entre todos los seres.<\/p>\n<ul>\n<li dir=\"ltr\">\n<p dir=\"ltr\">Las familias han perdido poder frente a determinadas situaciones como el parto, la lactancia materna e incluso a veces la propia crianza. Estas situaciones se ven plagadas de imposiciones, opiniones y decisiones ajenas no pudiendo las familias tener la fuerza necesaria en esos momentos tan sensibles para poder afrontar este entorno en ocasiones, tan hostil.<\/p>\n<\/li>\n<li dir=\"ltr\">\n<p dir=\"ltr\">Muchos profesionales van en contra de las recomendaciones oficiales a la hora de hablar sobre lactancia materna y crianza aconsejando e imponiendo medidas que dificulta un sano desarrollo de los ni\u00f1os en el ambiente y condiciones que necesitan para crecer con la mejor alimentaci\u00f3n as\u00ed como para recibir una educaci\u00f3n y crianza respetuosa que le permitir\u00e1 ser un individuo seguro de s\u00ed mismo y con confianza en \u00e9l y su entorno.<\/p>\n<\/li>\n<li dir=\"ltr\">\n<p dir=\"ltr\">Existe falta de tolerancia hacia \u00a0los tipos de familia existentes adem\u00e1s del \u201ccl\u00e1sico\u201d modelo familiar. Todas las familias de toda \u00edndole merecen respeto y apoyo.<\/p>\n<\/li>\n<li dir=\"ltr\">\n<p dir=\"ltr\">Muchas familias reciben malos tratos en momentos tan especiales y delicados como el nacimiento de un hijo o el ingreso del mismo ante cualquier enfermedad o dificultad.<\/p>\n<\/li>\n<li dir=\"ltr\">\n<p dir=\"ltr\">Hay una carencia de espacios adecuados donde los beb\u00e9s y ni\u00f1os y ni\u00f1as puedan comportarse como tal y puedan explorar su entorno y sus capacidades.<\/p>\n<\/li>\n<\/ul>\n<p>&nbsp;<\/p>\n<p dir=\"ltr\">Por lo que Rede CRIA <strong>defiende<\/strong>:<\/p>\n<ul>\n<li dir=\"ltr\">\n<p dir=\"ltr\">La crianza respetuosa y con apego seguro.<\/p>\n<\/li>\n<li dir=\"ltr\">\n<p dir=\"ltr\">A todos los diferentes modelos de familia mereciendo cada uno de ellos apoyo, respeto y comprensi\u00f3n.<\/p>\n<\/li>\n<li dir=\"ltr\">\n<p dir=\"ltr\">La lactancia materna como el mejor alimento para el ni\u00f1o tal y como dice la OMS, la AEP y dem\u00e1s organismos oficiales.<\/p>\n<\/li>\n<li dir=\"ltr\">\n<p dir=\"ltr\">El respeto a los tiempos de maduraci\u00f3n de los ni\u00f1os en cada una de sus fases de crecimiento y desarrollo as\u00ed como el respeto a sus necesidades b\u00e1sicas autorreguladas.<\/p>\n<\/li>\n<li dir=\"ltr\">\n<p dir=\"ltr\">El derecho de la familia a poder estar con sus hijos en cualquier prueba m\u00e9dica o\/e ingreso.<\/p>\n<\/li>\n<li dir=\"ltr\">\n<p dir=\"ltr\">La empat\u00eda de las familias hacia las necesidades afectivas, emocionales y psicomotrices de los ni\u00f1os y ni\u00f1as.<\/p>\n<\/li>\n<li dir=\"ltr\">\n<p dir=\"ltr\">El v\u00ednculo prenatal y el derecho a un nacimiento respetuoso tanto para la madre como para el beb\u00e9.<\/p>\n<\/li>\n<li dir=\"ltr\">\n<p dir=\"ltr\">La respuesta inmediata al llanto del beb\u00e9 siendo conscientes de las consecuencias negativas tanto a nivel f\u00edsico como emocional que supone ignorar las necesidades del ni\u00f1o\/a.<\/p>\n<\/li>\n<li dir=\"ltr\">\n<p dir=\"ltr\">Los beneficios del colecho y el respeto y entendimiento hacia las fases evolutivas naturales del sue\u00f1o infantil.<\/p>\n<\/li>\n<li dir=\"ltr\">\n<p dir=\"ltr\">La crianza basada en el respeto, confianza y amor.<\/p>\n<\/li>\n<li dir=\"ltr\">\n<p dir=\"ltr\">Las libres decisiones de cada familia en relaci\u00f3n a la crianza de sus hijos siempre y cuando sean decisiones informadas y no atenten contra nuestros principios.<\/p>\n<\/li>\n<\/ul>\n<p dir=\"ltr\">Rede CRIA <strong>rechaza<\/strong>:<\/p>\n<ul>\n<li dir=\"ltr\">\n<p dir=\"ltr\">Cualquier tipo de violencia o acto irrespetuoso hacia cualquier menor o igual.<\/p>\n<\/li>\n<li dir=\"ltr\">\n<p dir=\"ltr\">Cualquier tipo de adiestramiento del sue\u00f1o obviando la natural tendencia y necesidad del ni\u00f1o a buscar contacto y sentirse seguro con sus progenitores. Rechazamos permitir llorar al beb\u00e9 para \u201cense\u00f1arle\u201d a dormir.<\/p>\n<\/li>\n<li dir=\"ltr\">\n<p dir=\"ltr\">Informaci\u00f3n desactualizada y en contra de los organismos oficiales acerca de la alimentaci\u00f3n o el sue\u00f1o infantil, sea por parte de profesionales u otras personas.<\/p>\n<\/li>\n<li dir=\"ltr\">\n<p dir=\"ltr\">El conductismo como m\u00e9todo de crianza y educaci\u00f3n.<\/p>\n<\/li>\n<li dir=\"ltr\">\n<p dir=\"ltr\">La falta de empat\u00eda hacia el llanto del menor.<\/p>\n<\/li>\n<\/ul>\n<p dir=\"ltr\">Rede CRIA <strong>se compromete a<\/strong>:<\/p>\n<ul>\n<li dir=\"ltr\">\n<p dir=\"ltr\">Ofrecer un espacio de apoyo y escucha para cualquier tipo de familia que comparta nuestros principios o quiera compartirlos.<\/p>\n<\/li>\n<li dir=\"ltr\">\n<p dir=\"ltr\">Informar, sin pretender convencer, de las recomendaciones oficiales en relaci\u00f3n a la alimentaci\u00f3n, salud y sue\u00f1o infantil.<\/p>\n<\/li>\n<li dir=\"ltr\">\n<p dir=\"ltr\">Denunciar cualquier falta de respeto o trato inhumano hacia las familias o beb\u00e9s tanto en el momento del parto como antes y despu\u00e9s y en todo el periodo que abarca la crianza.<\/p>\n<\/li>\n<li dir=\"ltr\">\n<p dir=\"ltr\">Ofrecer alternativas de ocio saludables para realizar en familia.<\/p>\n<\/li>\n<li dir=\"ltr\">\n<p dir=\"ltr\">Organizar actividades y charlas de inter\u00e9s de las socias para el aprendizaje y desarrollo de conocimientos acerca de la crianza respetuosa y positiva as\u00ed como actividades que acerquen a los ni\u00f1os al folclore tradicional y al Arte y la M\u00fasica<\/p>\n<\/li>\n<\/ul>\n<p>&nbsp;<\/p>\n<p><img loading=\"lazy\" decoding=\"async\" class=\"size-medium wp-image-652 aligncenter\" src=\"http:\/\/ceradecolores.com\/blog\/wp-content\/uploads\/2017\/05\/carro_madera_blog-750x600.jpg\" alt=\"\" width=\"750\" height=\"600\" srcset=\"https:\/\/ceradecolores.com\/blog\/wp-content\/uploads\/2017\/05\/carro_madera_blog-750x600.jpg 750w, https:\/\/ceradecolores.com\/blog\/wp-content\/uploads\/2017\/05\/carro_madera_blog-768x614.jpg 768w, https:\/\/ceradecolores.com\/blog\/wp-content\/uploads\/2017\/05\/carro_madera_blog.jpg 1024w\" sizes=\"(max-width: 750px) 100vw, 750px\" \/><\/p>\n<pre style=\"text-align: center;\">Foto tomada por <a href=\"http:\/\/www.eyeem.com\/u\/20581084\">Tsunade<\/a><\/pre>\n<p>Esta asociaci\u00f3n es nuestra manera de contribuir a esta sociedad y de proporcionar <a href=\"http:\/\/redecria.es\/necesidade-dunha-tribo\/\">tribu<\/a> a las familias que lo necesiten as\u00ed como de luchar por los derechos de los ni\u00f1os y ni\u00f1as y de sus familias antes situaciones tan importantes como delicadas como puede ser el embarazo, parto, visitas m\u00e9dicas as\u00ed como todo lo que ocurra durante todo el periodo de la crianza.<\/p>\n<p>El s\u00e1bado d\u00eda 13 de mayo haremos otra presentaci\u00f3n para dar acogida a todas aquellas familias que quieran conocernos.\u00a0Te dejo por aqu\u00ed la invitaci\u00f3n. Recuerda confirmar asistencia escribi\u00e9ndonos a: info@redecria.es<\/p>\n<p>&nbsp;<\/p>\n<p><img loading=\"lazy\" decoding=\"async\" class=\"size-full wp-image-653 aligncenter\" src=\"http:\/\/ceradecolores.com\/blog\/wp-content\/uploads\/2017\/05\/invitacion_13.jpg\" alt=\"\" width=\"530\" height=\"530\" srcset=\"https:\/\/ceradecolores.com\/blog\/wp-content\/uploads\/2017\/05\/invitacion_13.jpg 530w, https:\/\/ceradecolores.com\/blog\/wp-content\/uploads\/2017\/05\/invitacion_13-150x150.jpg 150w\" sizes=\"(max-width: 530px) 100vw, 530px\" \/><\/p>\n<p>Si quieres seguirnos bien de cerca o saber m\u00e1s informaci\u00f3n\u00a0puedes visitar nuestro <a href=\"https:\/\/www.facebook.com\/Asociaci\u00f3n-Rede-CRIA-336772466667444\/?fref=ts\">Facebook\u00a0<\/a>as\u00ed como nuestra <a href=\"http:\/\/redecria.es\">web<\/a>.<\/p>\n<p>&nbsp;<\/p>\n","protected":false},"excerpt":{"rendered":"<p>Este es un post muy especial para m\u00ed porque te hablar\u00e9 de algo en lo que llevamos trabajando meses.<\/p>\n","protected":false},"author":1,"featured_media":654,"comment_status":"open","ping_status":"open","sticky":false,"template":"","format":"standard","meta":{"footnotes":""},"categories":[4],"tags":[102,101,100,99],"_links":{"self":[{"href":"https:\/\/ceradecolores.com\/blog\/wp-json\/wp\/v2\/posts\/638"}],"collection":[{"href":"https:\/\/ceradecolores.com\/blog\/wp-json\/wp\/v2\/posts"}],"about":[{"href":"https:\/\/ceradecolores.com\/blog\/wp-json\/wp\/v2\/types\/post"}],"author":[{"embeddable":true,"href":"https:\/\/ceradecolores.com\/blog\/wp-json\/wp\/v2\/users\/1"}],"replies":[{"embeddable":true,"href":"https:\/\/ceradecolores.com\/blog\/wp-json\/wp\/v2\/comments?post=638"}],"version-history":[{"count":5,"href":"https:\/\/ceradecolores.com\/blog\/wp-json\/wp\/v2\/posts\/638\/revisions"}],"predecessor-version":[{"id":655,"href":"https:\/\/ceradecolores.com\/blog\/wp-json\/wp\/v2\/posts\/638\/revisions\/655"}],"wp:featuredmedia":[{"embeddable":true,"href":"https:\/\/ceradecolores.com\/blog\/wp-json\/wp\/v2\/media\/654"}],"wp:attachment":[{"href":"https:\/\/ceradecolores.com\/blog\/wp-json\/wp\/v2\/media?parent=638"}],"wp:term":[{"taxonomy":"category","embeddable":true,"href":"https:\/\/ceradecolores.com\/blog\/wp-json\/wp\/v2\/categories?post=638"},{"taxonomy":"post_tag","embeddable":true,"href":"https:\/\/ceradecolores.com\/blog\/wp-json\/wp\/v2\/tags?post=638"}],"curies":[{"name":"wp","href":"https:\/\/api.w.org\/{rel}","templated":true}]}}