{"id":716,"date":"2017-08-25T00:49:12","date_gmt":"2017-08-24T22:49:12","guid":{"rendered":"http:\/\/ceradecolores.com\/blog\/?p=716"},"modified":"2017-08-25T00:49:12","modified_gmt":"2017-08-24T22:49:12","slug":"arteterapia-que-es","status":"publish","type":"post","link":"https:\/\/ceradecolores.com\/blog\/2017\/08\/25\/arteterapia-que-es\/","title":{"rendered":"Arteterapia. Qu\u00e9 es."},"content":{"rendered":"<p>Creo que es momento de explicarte realmente en qu\u00e9 consiste la Arteterapia.\u00a0<!--more--><\/p>\n<p>Despu\u00e9s de mencionarlo tantas veces creo que ha llegado el momento de\u00a0hablar de ella y de qu\u00e9 ha significado para m\u00ed.<\/p>\n<p>La Arteterapia en la que yo me form\u00e9 y que pongo en pr\u00e1ctica es conocida como <strong>Arteterapia Hauschka<\/strong> o Arteterapia Antropos\u00f3fica. El primer nombre es debido a la Dra. Margarethe Hauschka que, impulsada por la Dra. Ita Wegman en los a\u00f1os 30 del siglo XX fue la que desarroll\u00f3 el arte con intenci\u00f3n terap\u00e9utica. El segundo es debido a sus or\u00edgenes y a las bases a las que responde: la Antroposof\u00eda fundada por Rudolf Steiner.<\/p>\n<p>La Dra. Ita Wegman trabaj\u00f3 con Rudolf Steiner en sus \u00faltimos a\u00f1os\u00a0desarrollando la medicina antropos\u00f3fica que hoy se conoce y que abarca muchas disciplinas como euritmia curativa o \u00a0pedagog\u00eda curativa (impulsada por ella).<\/p>\n<p><img loading=\"lazy\" decoding=\"async\" class=\"size-medium wp-image-793 aligncenter\" src=\"http:\/\/ceradecolores.com\/blog\/wp-content\/uploads\/2017\/08\/arteterapia_grupo.jpg\" alt=\"\" width=\"640\" height=\"480\" \/><\/p>\n<p>&nbsp;<\/p>\n<h3><span style=\"color: #273995;\">Un poco de historia<\/span><\/h3>\n<p>La Dra. Margarethe Hauschka fue en 1925 al Instituto Cl\u00ednico-Terap\u00e9utico de Aslesheim, en Suiza, a estudiar Euritmia Curativa. All\u00ed vio como dos artistas alemanas empleaban la pintura con sus pacientes. A partir de ah\u00ed empieza a trabajar con pintura y cer\u00e1mica con sus propios pacientes en la cl\u00ednica del Dr. Husemann en Alemania.<\/p>\n<p>En 1927 la propia Dra. Wegmann le pide que vaya a una cl\u00ednica en Suiza para poder cuidar terap\u00e9uticamente a varios pacientes. Con esta experiencia pudo desarrollar m\u00e1s el elemento art\u00edstico.<\/p>\n<p>A partir de 1929, adem\u00e1s de su carrera como m\u00e9dica , fue la responsable de ense\u00f1ar arte en los cursos de enfermer\u00eda y medicina antropos\u00f3ficas. Esta labor la emprendi\u00f3 durante doce a\u00f1os consecutivos hasta que la 2\u00aa Guerra Mundial la paraliz\u00f3.<\/p>\n<p>Desde 1940 y durante 22 a\u00f1os\u00a0trabaj\u00f3 e imparti\u00f3 cursos por varios pa\u00edses.<\/p>\n<p>Todas estas experiencias fueron las que le ayudaron a construir las bases pr\u00e1cticas y te\u00f3ricas de la Arteterapia que la llevaron a fundar la <strong>primera escuela de terapia art\u00edstica en 1962<\/strong> en Bad Boll, Alemania.<\/p>\n<h3><img loading=\"lazy\" decoding=\"async\" class=\"size-full wp-image-787 aligncenter\" src=\"http:\/\/ceradecolores.com\/blog\/wp-content\/uploads\/2017\/08\/arteterapia_barro.jpg\" alt=\"\" width=\"640\" height=\"375\" \/><\/h3>\n<h3><span style=\"color: #273995;\">Qu\u00e9 es la Arteterapia Hauschka<\/span><\/h3>\n<p>Existen muchos tipos de terapia art\u00edstica y cada una tiene sus cualidades y su manera de trabajar.<\/p>\n<p>Yo, desde luego, no considero que sea terap\u00e9utico el mero hecho de desahogarte a trav\u00e9s del Arte si despu\u00e9s no haces absolutamente nada con eso. Es cierto que te encontrar\u00e1s m\u00e1s aliviado o consolado durante un tiempo, pero si no modelas ese mal que te aflige y lo transformas, no habr\u00e1s hecho terapia realmente. No habr\u00e1 cambiado nada. Y hay que tener en cuenta que es un camino de ida y vuelta: tu vuelcas parte de ti en el papel, y eso que has plasmado, a su vez, vuelve a ti, por lo que si no lo transformas en algo m\u00e1s sano y positivo estar\u00e1s recibiendo la misma negatividad o problema una y otra vez.<\/p>\n<p>La\u00a0Arteterapia Hauschka parte de ti y de tus necesidades y te ofrece propuestas que ayudar\u00e1n a encontrar por ti mismo las respuestas e incluso activar esas fuerzas de autocuraci\u00f3n que todos poseemos.<\/p>\n<p>Es un tipo de terapia que <strong>emplea materiales naturales y t\u00e9cnicas art\u00edsticas<\/strong> para recuperar una armon\u00eda perdida y por lo tanto, recuperar la salud y tambi\u00e9n potenciarla aludiendo al concepto de la salutog\u00e9nesis.<\/p>\n<p>El concepto de la salutog\u00e9nesis fue impulsado por Aaron Antonovsky, m\u00e9dico y soci\u00f3logo que se centr\u00f3 en investigar los factores que generaban salud, en vez de estudiar los que ocasionaban la enfermedad.<\/p>\n<p>En la Arteterapia est\u00e1 presente este concepto ya que potencia las fuerzas de autocuraci\u00f3n de tu propio organismo.<\/p>\n<p><strong>Se aplica a pacientes con enfermedades y patolog\u00edas<\/strong>, tanto f\u00edsicas como psicol\u00f3gicas, as\u00ed como tambi\u00e9n se emplea para un <strong>desarrollo personal<\/strong> donde la b\u00fasqueda de la armon\u00eda y del propio centro son factores importantes.<\/p>\n<p>Los materiales que se emplean son naturales y de la m\u00e1s alta calidad ya que el tacto es un sentido que hay que cuidar. A trav\u00e9s de \u00e9l adquirimos informaci\u00f3n y sensaciones que pueden contribuir a nuestro estado de salud. Por eso es tan importante cuidar todos los materiales con los que est\u00e1 en contacto un beb\u00e9, los juguetes, telas, etc&#8230; Para un sano desarrollo del individuo.<\/p>\n<p>Se emplean <strong>acuarelas, pigmentos naturales, carboncillo, grafito, gres,<\/strong> etc. Cada uno con un fin y con una propuesta concreta dependiendo del punto en el que se encuentra el paciente.<\/p>\n<p><img loading=\"lazy\" decoding=\"async\" class=\"size-medium wp-image-792 aligncenter\" src=\"http:\/\/ceradecolores.com\/blog\/wp-content\/uploads\/2017\/08\/arteterapia_gres.jpg\" alt=\"\" width=\"640\" height=\"480\" \/><\/p>\n<p>Adem\u00e1s de los materiales existen diversas t\u00e9cnicas de dibujo, pintura y modelado, ya te habl\u00e9 un poco de esto <a href=\"http:\/\/ceradecolores.com\/blog\/2016\/11\/19\/dibujo-de-formas-en-el-colegio\/\">aqu\u00ed<\/a>.<\/p>\n<p>Cada una de estas t\u00e9cnicas ser\u00e1 m\u00e1s recomendable para unas personas que est\u00e9n pasando por una situaci\u00f3n concreta que otras.<\/p>\n<p>Con la acuarela el paciente aprende un nuevo lenguaje con el que puede expresarse y mejorar su estado an\u00edmico.\u00a0La acuarela es ideal para el sistema r\u00edtmico y respiratorio ya que a trav\u00e9s de su pincelada terap\u00e9utica nos ayuda a fluir.<\/p>\n<p><img loading=\"lazy\" decoding=\"async\" class=\"size-medium wp-image-796 aligncenter\" src=\"http:\/\/ceradecolores.com\/blog\/wp-content\/uploads\/2017\/08\/arteterapia_trabajos_BLOG-840x397.jpg\" alt=\"\" width=\"840\" height=\"397\" srcset=\"https:\/\/ceradecolores.com\/blog\/wp-content\/uploads\/2017\/08\/arteterapia_trabajos_BLOG-840x397.jpg 840w, https:\/\/ceradecolores.com\/blog\/wp-content\/uploads\/2017\/08\/arteterapia_trabajos_BLOG-768x363.jpg 768w, https:\/\/ceradecolores.com\/blog\/wp-content\/uploads\/2017\/08\/arteterapia_trabajos_BLOG.jpg 1024w\" sizes=\"(max-width: 840px) 100vw, 840px\" \/><\/p>\n<p>Con el barro, gres, el paciente modela la pieza model\u00e1ndose a si mismo, encontrando su centro y activando su Yo.<\/p>\n<p><img loading=\"lazy\" decoding=\"async\" class=\"size-medium wp-image-788 aligncenter\" src=\"http:\/\/ceradecolores.com\/blog\/wp-content\/uploads\/2017\/08\/arteterapia_barro2.jpg\" alt=\"\" width=\"640\" height=\"331\" \/><\/p>\n<p>Con el dibujo de formas se aprende a centrarse en el aqu\u00ed y ahora.\u00a0Para personas, incluyendo ni\u00f1os, con dificultades para la concentraci\u00f3n y con excesiva actividad mental, el dibujo de formas ser\u00eda muy recomendable.<\/p>\n<p>Para ancianos trabajar con pasteles y pigmentos naturales ser\u00eda un ejercicio estupendo porque apela al sentido del tacto.<\/p>\n<p><img loading=\"lazy\" decoding=\"async\" class=\"size-medium wp-image-795 aligncenter\" src=\"http:\/\/ceradecolores.com\/blog\/wp-content\/uploads\/2017\/08\/arteterapia_sraana_BLOG-840x569.jpg\" alt=\"\" width=\"840\" height=\"569\" srcset=\"https:\/\/ceradecolores.com\/blog\/wp-content\/uploads\/2017\/08\/arteterapia_sraana_BLOG-840x569.jpg 840w, https:\/\/ceradecolores.com\/blog\/wp-content\/uploads\/2017\/08\/arteterapia_sraana_BLOG-768x521.jpg 768w, https:\/\/ceradecolores.com\/blog\/wp-content\/uploads\/2017\/08\/arteterapia_sraana_BLOG.jpg 1024w\" sizes=\"(max-width: 840px) 100vw, 840px\" \/><\/p>\n<p>El dibujo al natural\u00a0y el contacto con la naturaleza es muy importante en este tipo de terapia.<\/p>\n<p><img loading=\"lazy\" decoding=\"async\" class=\"size-medium wp-image-790 aligncenter\" src=\"http:\/\/ceradecolores.com\/blog\/wp-content\/uploads\/2017\/08\/arteterapia_dibujoalnatural_BLOG-840x560.jpg\" alt=\"\" width=\"840\" height=\"560\" srcset=\"https:\/\/ceradecolores.com\/blog\/wp-content\/uploads\/2017\/08\/arteterapia_dibujoalnatural_BLOG-840x560.jpg 840w, https:\/\/ceradecolores.com\/blog\/wp-content\/uploads\/2017\/08\/arteterapia_dibujoalnatural_BLOG-768x512.jpg 768w, https:\/\/ceradecolores.com\/blog\/wp-content\/uploads\/2017\/08\/arteterapia_dibujoalnatural_BLOG-900x600.jpg 900w, https:\/\/ceradecolores.com\/blog\/wp-content\/uploads\/2017\/08\/arteterapia_dibujoalnatural_BLOG.jpg 1024w\" sizes=\"(max-width: 840px) 100vw, 840px\" \/><\/p>\n<p><img loading=\"lazy\" decoding=\"async\" class=\"size-medium wp-image-797 aligncenter\" src=\"http:\/\/ceradecolores.com\/blog\/wp-content\/uploads\/2017\/08\/arteterapia_trabajos_flores_BLOG-840x560.jpg\" alt=\"\" width=\"840\" height=\"560\" srcset=\"https:\/\/ceradecolores.com\/blog\/wp-content\/uploads\/2017\/08\/arteterapia_trabajos_flores_BLOG-840x560.jpg 840w, https:\/\/ceradecolores.com\/blog\/wp-content\/uploads\/2017\/08\/arteterapia_trabajos_flores_BLOG-768x512.jpg 768w, https:\/\/ceradecolores.com\/blog\/wp-content\/uploads\/2017\/08\/arteterapia_trabajos_flores_BLOG-900x600.jpg 900w, https:\/\/ceradecolores.com\/blog\/wp-content\/uploads\/2017\/08\/arteterapia_trabajos_flores_BLOG.jpg 1024w\" sizes=\"(max-width: 840px) 100vw, 840px\" \/><\/p>\n<p>Esto son solo ejemplos y en ning\u00fan caso recetas ya que todo es mucho m\u00e1s complejo y son necesarios muchos m\u00e1s datos para poder acompa\u00f1ar correctamente a una persona. Por esta raz\u00f3n, antes de empezar un trabajo arteterap\u00e9utico es imprescindible un primer contacto en el que el paciente responda a algunas preguntas que el o la terapeuta le realice.<\/p>\n<p>Algo que es muy importante ya que asusta a muchas personas es que <strong>no es necesario ning\u00fan tipo de conocimiento previo sobre dibujo, pintura o arte.<\/strong> Lo importante siempre ser\u00e1 el propio proceso en el que el paciente participar\u00e1 activamente y no el resultado del mismo.<\/p>\n<h3><span style=\"color: #273995;\">Grupos de Arteterapia<\/span><\/h3>\n<p>A partir de septiembre crear\u00e9 un grupo de Arteterapia en Vigo los mi\u00e9rcoles a las 18:00.<\/p>\n<p><img loading=\"lazy\" decoding=\"async\" class=\"alignnone size-medium wp-image-798\" src=\"http:\/\/ceradecolores.com\/blog\/wp-content\/uploads\/2017\/08\/cartel_arteterapia_sales-777x600.jpg\" alt=\"\" width=\"777\" height=\"600\" srcset=\"https:\/\/ceradecolores.com\/blog\/wp-content\/uploads\/2017\/08\/cartel_arteterapia_sales-777x600.jpg 777w, https:\/\/ceradecolores.com\/blog\/wp-content\/uploads\/2017\/08\/cartel_arteterapia_sales-768x593.jpg 768w\" sizes=\"(max-width: 777px) 100vw, 777px\" \/><\/p>\n<p>Y a partir de octubre abrir\u00e9 grupos en Cangas y en Pontevedra.<\/p>\n<p>En Cangas ser\u00e1n los lunes a las 19:15 en la librer\u00eda El pozo de los tres deseos y en Pontevedra los martes a las 19:15 en Patakafrita.<\/p>\n<p><img loading=\"lazy\" decoding=\"async\" class=\"alignnone size-medium wp-image-799\" src=\"http:\/\/ceradecolores.com\/blog\/wp-content\/uploads\/2017\/08\/cartel_arteterapia_elpozo-777x600.jpg\" alt=\"\" width=\"777\" height=\"600\" srcset=\"https:\/\/ceradecolores.com\/blog\/wp-content\/uploads\/2017\/08\/cartel_arteterapia_elpozo-777x600.jpg 777w, https:\/\/ceradecolores.com\/blog\/wp-content\/uploads\/2017\/08\/cartel_arteterapia_elpozo-768x593.jpg 768w\" sizes=\"(max-width: 777px) 100vw, 777px\" \/> <img loading=\"lazy\" decoding=\"async\" class=\"alignnone size-medium wp-image-800\" src=\"http:\/\/ceradecolores.com\/blog\/wp-content\/uploads\/2017\/08\/cartel_arteterapia_patakafrita-777x600.jpg\" alt=\"\" width=\"777\" height=\"600\" srcset=\"https:\/\/ceradecolores.com\/blog\/wp-content\/uploads\/2017\/08\/cartel_arteterapia_patakafrita-777x600.jpg 777w, https:\/\/ceradecolores.com\/blog\/wp-content\/uploads\/2017\/08\/cartel_arteterapia_patakafrita-768x593.jpg 768w\" sizes=\"(max-width: 777px) 100vw, 777px\" \/><\/p>\n<p>Tambi\u00e9n se est\u00e1 creando un grupo para un s\u00e1bado al mes. Si est\u00e1s interesada en algo m\u00e1s puntual como puede ser esta opci\u00f3n puedes escribirme.<\/p>\n<p>En todos los grupos es necesario inscribirse previamente. Destinado a todo aquel que quiera profundizar acerca de s\u00ed mismo a trav\u00e9s del Arte y tambi\u00e9n potenciar su salud.<\/p>\n<p>Cualquier duda sabes que puedes escribirme a hola@ceradecolores.com y te responder\u00e9 encantada.<\/p>\n<p>&nbsp;<\/p>\n","protected":false},"excerpt":{"rendered":"<p>Creo que es momento de explicarte realmente en qu\u00e9 consiste la Arteterapia.\u00a0<\/p>\n","protected":false},"author":1,"featured_media":803,"comment_status":"open","ping_status":"open","sticky":false,"template":"","format":"standard","meta":{"footnotes":""},"categories":[3],"tags":[113,14,15,129,130,123],"_links":{"self":[{"href":"https:\/\/ceradecolores.com\/blog\/wp-json\/wp\/v2\/posts\/716"}],"collection":[{"href":"https:\/\/ceradecolores.com\/blog\/wp-json\/wp\/v2\/posts"}],"about":[{"href":"https:\/\/ceradecolores.com\/blog\/wp-json\/wp\/v2\/types\/post"}],"author":[{"embeddable":true,"href":"https:\/\/ceradecolores.com\/blog\/wp-json\/wp\/v2\/users\/1"}],"replies":[{"embeddable":true,"href":"https:\/\/ceradecolores.com\/blog\/wp-json\/wp\/v2\/comments?post=716"}],"version-history":[{"count":7,"href":"https:\/\/ceradecolores.com\/blog\/wp-json\/wp\/v2\/posts\/716\/revisions"}],"predecessor-version":[{"id":804,"href":"https:\/\/ceradecolores.com\/blog\/wp-json\/wp\/v2\/posts\/716\/revisions\/804"}],"wp:featuredmedia":[{"embeddable":true,"href":"https:\/\/ceradecolores.com\/blog\/wp-json\/wp\/v2\/media\/803"}],"wp:attachment":[{"href":"https:\/\/ceradecolores.com\/blog\/wp-json\/wp\/v2\/media?parent=716"}],"wp:term":[{"taxonomy":"category","embeddable":true,"href":"https:\/\/ceradecolores.com\/blog\/wp-json\/wp\/v2\/categories?post=716"},{"taxonomy":"post_tag","embeddable":true,"href":"https:\/\/ceradecolores.com\/blog\/wp-json\/wp\/v2\/tags?post=716"}],"curies":[{"name":"wp","href":"https:\/\/api.w.org\/{rel}","templated":true}]}}