{"id":729,"date":"2017-08-06T08:44:58","date_gmt":"2017-08-06T06:44:58","guid":{"rendered":"http:\/\/ceradecolores.com\/blog\/?p=729"},"modified":"2017-08-07T02:28:09","modified_gmt":"2017-08-07T00:28:09","slug":"smlm2017","status":"publish","type":"post","link":"https:\/\/ceradecolores.com\/blog\/2017\/08\/06\/smlm2017\/","title":{"rendered":"SMLM2017"},"content":{"rendered":"<p>Como muchos ya sabr\u00e9is, esta semana fue la Semana Mundial de la Lactancia Materna. Quiero compartir contigo mi experiencia<!--more--><\/p>\n<p>Parece mentira que haya que visibilizar algo tan natural como alimentar a nuestros cachorros, pero lo cierto es que venimos de la generaci\u00f3n del biber\u00f3n en la que algunas\u00a0marcas comerciales hicieron tanta mella que ahora el trabajo por restaurar la confianza de las mujeres en su propia capacidad de amamantar es much\u00edsimo. Esto se demuestra cada d\u00eda a trav\u00e9s de los muchos comentarios que escuchamos acerca de dar el pecho.<\/p>\n<p>Hay decenas de\u00a0mitos acerca de la lactancia materna. Debemos trabajar para\u00a0cambiarlos y aportar la verdad a trav\u00e9s de evidencias cient\u00edficas demostradas para contrarrestar esas\u00a0opiniones sin fundamento que solo hacen da\u00f1o, aunque te las brinden con toda la buena intenci\u00f3n.<\/p>\n<p>Yo misma tuve que luchar\u00a0contra muchos\u00a0de esos mitos\u00a0cuando tuve a mi hija pero por suerte, ten\u00eda la informaci\u00f3n de mi parte y tambi\u00e9n la confianza suficiente en m\u00ed para lograrlo. Aunque esa confianza flaqueaba muchas veces ten\u00eda a mi pareja al lado que no me dejaba desistir.<\/p>\n<p>Por eso para m\u00ed, <strong>las claves para una lactancia materna exitosa son: la informaci\u00f3n, la confianza y el apoyo.\u00a0<\/strong><\/p>\n<p>Antes incluso de estar embarazada decid\u00ed formarme como asesora de lactancia. Esta decisi\u00f3n fue motivada por una lactancia frustrada de un familiar cercano. Cuando tuvo a su beb\u00e9 no logr\u00f3 instaurar la lactancia materna. Sufri\u00f3 mucho y fue bastante traum\u00e1tico para ella as\u00ed que esto me impuls\u00f3\u00a0a formarme para poder ayudar a que otras mam\u00e1s no pasaran por eso o por lo menos, tener herramientas y conocimientos para tratar de ayudarlas en la medida de lo posible.<\/p>\n<p>As\u00ed que, gracias a esta formaci\u00f3n, ten\u00eda suficientes conocimientos para no caer en esos mitos y opiniones que abundan tanto. A\u00fan as\u00ed, era muy dif\u00edcil no hacerlo. La opini\u00f3n y \u00abconsejos\u00bb de los m\u00e1s cercanos siempre tienen mucho peso.<\/p>\n<p>Hay muchas cosas que debemos cambiar y espero que con todo el esfuerzo y horas que muchas asociaciones y movimientos est\u00e1n dedicando a esta causa lo logremos.<\/p>\n<p><img loading=\"lazy\" decoding=\"async\" class=\"size-medium wp-image-737 aligncenter\" src=\"http:\/\/ceradecolores.com\/blog\/wp-content\/uploads\/2017\/08\/SMLM3_ceradecolores-840x560.jpg\" alt=\"\" width=\"840\" height=\"560\" srcset=\"https:\/\/ceradecolores.com\/blog\/wp-content\/uploads\/2017\/08\/SMLM3_ceradecolores-840x560.jpg 840w, https:\/\/ceradecolores.com\/blog\/wp-content\/uploads\/2017\/08\/SMLM3_ceradecolores-768x512.jpg 768w, https:\/\/ceradecolores.com\/blog\/wp-content\/uploads\/2017\/08\/SMLM3_ceradecolores-900x600.jpg 900w, https:\/\/ceradecolores.com\/blog\/wp-content\/uploads\/2017\/08\/SMLM3_ceradecolores.jpg 1024w\" sizes=\"(max-width: 840px) 100vw, 840px\" \/><\/p>\n<p>Ahora quiero compartir contigo algunos hechos y comentarios a los que me vi expuesta que para m\u00ed representan todo lo que hay que cambiar.<\/p>\n<p>Mi hija naci\u00f3 con \u00abbajo peso\u00bb as\u00ed que, antes de tan siquiera dejarme intentarlo, me tra\u00edan biberones que estaban pautados por el pediatra. Ese biber\u00f3n tra\u00eda un mensaje: \u00abno creemos que lo logres, as\u00ed que ya te traemos el suplemento\u00bb.<\/p>\n<p>Tuve que rechazar m\u00e1s de 10 biberones hasta que se dieron por vencidas. Muchas de las enfermeras respetaban esa decisi\u00f3n y no entraban a debatirla, aunque otras s\u00ed que lo hac\u00edan incluyendo en sus comentarios alguna amenaza: \u00abt\u00fa ver\u00e1s si quieres estar 10 d\u00edas ingresada, pero hasta que la ni\u00f1a no engorde no os ir\u00e9is de aqu\u00ed\u00bb.<\/p>\n<p>Ped\u00ed ayuda en m\u00e1s de 5 ocasiones para poner a mi hija al pecho ya que, por mucho informaci\u00f3n que tengas, la pr\u00e1ctica es otra cosa. Era muy peque\u00f1ita y nos cost\u00f3 mucho que se cogiera al pecho. No vino nadie a ayudarme que tuviera conocimientos en lactancia. Por lo que <strong>debemos exigir\u00a0que las personas que trabajen con mujeres y ni\u00f1os reci\u00e9n nacidos tengan una formaci\u00f3n en lactancia, o, que haya asesoras en los hospitales.\u00a0<\/strong><\/p>\n<p>Finalmente ped\u00ed ayuda a la asociaci\u00f3n de apoyo a la lactancia de mi ciudad (Teta e Coli\u00f1o) que por tel\u00e9fono pudieron asesorarme y darme el apoyo y confianza que necesitaba en ese momento. Esto demuestra la importancia de estas asociaciones.<\/p>\n<p>Cuando logr\u00e9 instaurar la lactancia todo fue bien hasta llegar el segundo mes, en el que no engordan tanto como al principio y ya te empiezan hacer creer que tu leche no vale, que no alimenta y que debes suplementar. Estos comentarios vinieron de parte de algunos familiares y, lo que es peor, de parte de la enfermera de pediatr\u00eda. Y digo que es peor en el segundo caso porque estas personas deber\u00edan tener la formaci\u00f3n e informaci\u00f3n suficiente para no caer en esos mitos. Una vez m\u00e1s,<strong> debemos denunciar este tipo de comentarios y exigir que tengan conocimientos ACTUALIZADOS \u00a0en lactancia.\u00a0<\/strong><\/p>\n<p>Me hac\u00edan ir a pesar a mi hija cada semana, y cada semana me hac\u00edan comentarios de este tipo haciendo que flaqueara mi confianza y esto afectara realmente a nuestra lactancia. La \u00fanica soluci\u00f3n que me daban era el suplemento. En ning\u00fan momento me recomendaron suplementar con mi propia leche o trataron de averiguar si el motivo (que no era real) de que no engordara era por un mal agarre o alg\u00fan otro problema para tratar de solucionarlo.<\/p>\n<p>Siempre mencionaban los percentiles y la gr\u00e1fica. Gr\u00e1fica que aunque yo les preguntaba directamente y me dec\u00edan que s\u00ed, no era la actualizada por la OMS en el 2007 realizada con ni\u00f1os alimentados con lactancia materna, y s\u00ed la de los a\u00f1os 70. Hay una gran diferencia.<\/p>\n<p>C\u00f3mo dije, todos estos comentarios y controles me hicieron dudar de m\u00ed misma. Aunque yo sent\u00eda que todo estaba bien necesit\u00e9 buscar pediatras que supieran de lactancia materna y que estuvieran actualizados para poder pedirle una segunda, e incluso una tercera opini\u00f3n. Los otros dos pediatras me dijeron lo que yo sent\u00eda que estaba ocurriendo. Mi hija era una ni\u00f1a sana que crec\u00eda y engordaba de manera saludable. Esto hizo que recuperara esa confianza y siguiera con nuestra feliz lactancia.<\/p>\n<p>Con el tiempo se ha demostrado que mi hija es una ni\u00f1a muy sana y que su patr\u00f3n de crecimiento es ese. Es una ni\u00f1a menudita pero sana, que es lo importante. No todos somos iguales y no todos los ni\u00f1os tienen que ir por el percentil 50.<\/p>\n<p>A m\u00ed me ayud\u00f3 a comprender el tema de los percentiles la siguiente explicaci\u00f3n: <strong>que tu hija est\u00e9 en el percentil 3, por ejemplo, solo significa que el 3% de los ni\u00f1os SANOS pesan lo mismo o menos que tu hija.<\/strong><\/p>\n<p>L\u00f3gicamente, no todos los casos son iguales y s\u00ed que hay se\u00f1ales de alerta que deber\u00edan hacernos preocupar o al menos estar atentos. Por eso yo te recomiendo que si tienes alguna duda o preocupaci\u00f3n <strong>busques a un profesional experto en lactancia materna o consultes al grupo de apoyo a la lactancia de tu ciudad<\/strong> en el\u00a0que seguramente habr\u00e1, asesoras de lactancia muy cualificadas que te dar\u00e1n ese apoyo e informaci\u00f3n necesaria.<\/p>\n<p>Ahora llevamos 22 meses de feliz lactancia y puedo decir que es lo segundo mejor que he hecho. Lo primero fue tenerla a ella.<\/p>\n<p>Por \u00faltimo quiero decir que alimentar a tu hij@ con leche materna o leche\u00a0artificial es una decisi\u00f3n muy personal pero que solo deber\u00eda ser tomada en base a informaci\u00f3n fidedigna. Todas las decisiones son respetables.<\/p>\n<p>&nbsp;<\/p>\n<p>&nbsp;<\/p>\n<p>&nbsp;<\/p>\n","protected":false},"excerpt":{"rendered":"<p>Como muchos ya sabr\u00e9is, esta semana fue la Semana Mundial de la Lactancia Materna. Quiero compartir contigo mi experiencia<\/p>\n","protected":false},"author":1,"featured_media":735,"comment_status":"open","ping_status":"open","sticky":false,"template":"","format":"standard","meta":{"footnotes":""},"categories":[2,4],"tags":[118,116,117],"_links":{"self":[{"href":"https:\/\/ceradecolores.com\/blog\/wp-json\/wp\/v2\/posts\/729"}],"collection":[{"href":"https:\/\/ceradecolores.com\/blog\/wp-json\/wp\/v2\/posts"}],"about":[{"href":"https:\/\/ceradecolores.com\/blog\/wp-json\/wp\/v2\/types\/post"}],"author":[{"embeddable":true,"href":"https:\/\/ceradecolores.com\/blog\/wp-json\/wp\/v2\/users\/1"}],"replies":[{"embeddable":true,"href":"https:\/\/ceradecolores.com\/blog\/wp-json\/wp\/v2\/comments?post=729"}],"version-history":[{"count":7,"href":"https:\/\/ceradecolores.com\/blog\/wp-json\/wp\/v2\/posts\/729\/revisions"}],"predecessor-version":[{"id":741,"href":"https:\/\/ceradecolores.com\/blog\/wp-json\/wp\/v2\/posts\/729\/revisions\/741"}],"wp:featuredmedia":[{"embeddable":true,"href":"https:\/\/ceradecolores.com\/blog\/wp-json\/wp\/v2\/media\/735"}],"wp:attachment":[{"href":"https:\/\/ceradecolores.com\/blog\/wp-json\/wp\/v2\/media?parent=729"}],"wp:term":[{"taxonomy":"category","embeddable":true,"href":"https:\/\/ceradecolores.com\/blog\/wp-json\/wp\/v2\/categories?post=729"},{"taxonomy":"post_tag","embeddable":true,"href":"https:\/\/ceradecolores.com\/blog\/wp-json\/wp\/v2\/tags?post=729"}],"curies":[{"name":"wp","href":"https:\/\/api.w.org\/{rel}","templated":true}]}}