{"id":75,"date":"2016-09-11T21:36:55","date_gmt":"2016-09-11T21:36:55","guid":{"rendered":"https:\/\/ceradecolores.wordpress.com\/?p=75"},"modified":"2017-02-20T00:02:26","modified_gmt":"2017-02-20T00:02:26","slug":"andar-hablar-y-pensar","status":"publish","type":"post","link":"https:\/\/ceradecolores.com\/blog\/2016\/09\/11\/andar-hablar-y-pensar\/","title":{"rendered":"Andar, hablar y pensar"},"content":{"rendered":"<p>Hoy te hablo de la importancia de respetar el desarrollo de tu hij@ y de la teor\u00eda del \u00abandar, hablar y pensar\u00bb de Rudolf Steiner.<\/p>\n<p><!--more--><\/p>\n<p><span style=\"font-weight: 400;\">Al ser madre he aprendido a observar el desarrollo natural de mi hija. He tratado de no interferir en su propio proceso. No ha sido f\u00e1cil y no lo he conseguido siempre.<\/span><\/p>\n<p><span style=\"font-weight: 400;\">\u00bfPor qu\u00e9 no ha sido f\u00e1cil? \u00a0Porque vivimos en una sociedad que cree saber m\u00e1s que la propia naturaleza. Siempre tiene prisa y trata de decidir lo que pueden y no pueden hacer nuestros hijos en cada momento.<\/span><\/p>\n<p><span style=\"font-weight: 400;\">Se gu\u00eda por fechas y tiempos marcados como si la naturaleza actuara as\u00ed tambi\u00e9n. Si el 21 de septiembre empieza el oto\u00f1o nadie espera que el 20 de septiembre haga calor y est\u00e9n los \u00e1rboles con todas sus hojas y que el 22 de septiembre ya se hayan ca\u00eddo y haga fr\u00edo. Todo tiene su proceso y sus tiempos. Nuestros beb\u00e9s tambi\u00e9n.<\/span><\/p>\n<p><span style=\"font-weight: 400;\">Sin embargo, cuando te dicen que un beb\u00e9 suele gatear a los 6 meses , a los 5 meses y 28 d\u00edas ya est\u00e1s presion\u00e1ndolo consciente o inconscientemente para que lo haga, o al menos, te preocupa si no lo hace.<\/span><\/p>\n<p><span style=\"font-weight: 400;\">Quieres que caminen antes del a\u00f1o porque hay beb\u00e9s que lo hacen a los 9 o 10 meses (aunque con 17 meses tambi\u00e9n sea totalmente normal).<\/span><\/p>\n<p><img loading=\"lazy\" decoding=\"async\" class=\"size-large wp-image-162 aligncenter\" src=\"http:\/\/ceradecolores.com\/blog\/wp-content\/uploads\/2016\/09\/gateo2-1.jpg?w=760\" alt=\"Beb\u00e9 iniciando el gesto de gatear\" width=\"760\" height=\"507\" \/><\/p>\n<p>&nbsp;<\/p>\n<p><span style=\"font-weight: 400;\">En cuanto se ponen de pie lo llevas de las manos para que den sus primeros pasos, (c\u00f3mo han hecho con Estrella hoy mismo) en vez de confiar en su propia capacidad para hacerlo. No tienes la suficiente paciencia para esperar a que est\u00e9 realmente preparado para que lo haga por s\u00ed mismo.<\/span><span style=\"font-weight: 400;\">Y aunque t\u00fa la tengas, (que probablemente s\u00ed), quiz\u00e1s tu pareja o tus padres o tus suegros no, y quieran acelerar el proceso.<\/span><\/p>\n<p><span style=\"font-weight: 400;\">Estrella tiene 11 meses y no gatea, y reconozco que sucumb\u00ed a pensamientos de duda y preocupaci\u00f3n ante la insistencia de familiares acerca del tema. Las comparaciones tambi\u00e9n son frecuentes. Y es que estamos demasiado rodeados por esas ganas de hacerlo todo r\u00e1pido.<\/span><\/p>\n<p><span style=\"font-weight: 400;\">Cuando estaba embarazada de Estrella, inici\u00e9 una formaci\u00f3n para ser Madre de D\u00eda. En uno de los seminarios nos propusieron leer una conferencia de Rudolf Steiner titulada \u201cAndar, hablar y pensar\u201d (10 de agosto de 1923). Lo que le\u00ed tuvo mucho sentido para m\u00ed y lo quiero compartir contigo.<\/span><\/p>\n<h2><span style=\"color: #3f6bb3;\">Qu\u00e9 dice Rudolf Steiner sobre esto&#8230;<\/span><\/h2>\n<p>Cuando un ni\u00f1o comienza a caminar significa que ya domina el equilibrio en el espacio. Al conseguir la postura erguida adapta sus piernas, brazos y manos a las leyes de la gravedad y \u00e9stos lo mantiene en equilibrio.<\/p>\n<blockquote><p><span style=\"font-weight: 400;\">\u201cSi comenzamos a ejercer violencia para acelerar lo que la naturaleza humana pretende; si no comprendemos que hay que dejarla en libertad, actuando nosotros como simples auxiliares, da\u00f1amos el organismo del ni\u00f1o para toda su vida.\u201d<\/span><\/p><\/blockquote>\n<p>Emmi Pikler, m\u00e9dica h\u00fangara, tambi\u00e9n aboga por un acompa\u00f1amiento no intervencionista para un sano desarrollo aut\u00f3nomo del ni\u00f1o.<\/p>\n<p>Y es que permitir que logren las cosas por s\u00ed mismos refuerza su autoestima y su confianza.<\/p>\n<p>Rudolf Steiner habla de la calidad del ambiente en el que educamos a nuestros hijos, siendo \u00e9ste lo m\u00e1s importante sobre todo en el primer septenio (hasta los 7 a\u00f1os).<\/p>\n<p><span style=\"font-weight: 400;\">Cuando habla de ambiente se refiere a nuestra actitud mental y afectiva ya que los beb\u00e9s lo sienten y perciben todo lo que est\u00e1 a su alrededor, por algo dicen que son como esponjas. Por eso, si pensamos que ya deber\u00eda gatear o caminar, o si realmente no aceptas los tiempos de su evoluci\u00f3n, de alg\u00fan modo \u00e9l lo percibe.<\/span><\/p>\n<p><span style=\"font-weight: 400;\">Es decir, que debemos ser veraces y que nuestros pensamientos y sentimientos se correspondan con nuestros actos. Esto tambi\u00e9n es sumamente importante para el posterior desarrollo del habla y del pensar de nuestros hijos \u00a0(de esto te hablar\u00e9 en otro post).<\/span><\/p>\n<p><span style=\"font-weight: 400;\">Steiner propone acompa\u00f1ar todo este proceso desde el amor a la naturaleza humana, observando c\u00f3mo se adapta el organismo del beb\u00e9 para conseguir la posici\u00f3n vertical y andar, como meros auxiliares. S\u00f3lo as\u00ed, generaremos energ\u00edas que aportan salud.<\/span><\/p>\n<p><span style=\"font-weight: 400;\">Sin intervenir. \u00danicamente acompa\u00f1ando.<\/span><\/p>\n<p>Pod\u00e9is encontrar esta conferencia en el libro titulado \u201cEl primer septenio. La Educaci\u00f3n Preescolar seg\u00fan las Ense\u00f1anzas de Rudolf Steiner.\u201d<\/p>\n<p><img loading=\"lazy\" decoding=\"async\" class=\"size-large wp-image-163 aligncenter\" src=\"http:\/\/ceradecolores.com\/blog\/wp-content\/uploads\/2016\/09\/libro1-1.jpg?w=760\" alt=\"Libro Primer Septenio\" width=\"760\" height=\"507\" \/><\/p>\n<p>Adem\u00e1s de esta conferencia de Rudolf Steiner hay otras muy interesantes sobre todos los aspectos que nos interesan de los primeros a\u00f1os de nuestros peques.<\/p>\n<p>&nbsp;<\/p>\n<p><span style=\"color: #008080;\"><em>\u00bfT\u00fa c\u00f3mo has vivido este con tu beb\u00e9? O si a\u00fan no ha llegado ese momento, \u00bfC\u00f3mo tienes pensado acompa\u00f1arlo?<\/em><\/span><\/p>\n","protected":false},"excerpt":{"rendered":"<p>Hoy te hablo de la importancia de respetar el desarrollo de tu hij@ y de la teor\u00eda del \u00abandar, hablar y pensar\u00bb de Rudolf Steiner.<\/p>\n","protected":false},"author":1,"featured_media":479,"comment_status":"open","ping_status":"open","sticky":false,"template":"","format":"standard","meta":{"footnotes":""},"categories":[4,7],"tags":[13,36,38,51,52,56,57],"_links":{"self":[{"href":"https:\/\/ceradecolores.com\/blog\/wp-json\/wp\/v2\/posts\/75"}],"collection":[{"href":"https:\/\/ceradecolores.com\/blog\/wp-json\/wp\/v2\/posts"}],"about":[{"href":"https:\/\/ceradecolores.com\/blog\/wp-json\/wp\/v2\/types\/post"}],"author":[{"embeddable":true,"href":"https:\/\/ceradecolores.com\/blog\/wp-json\/wp\/v2\/users\/1"}],"replies":[{"embeddable":true,"href":"https:\/\/ceradecolores.com\/blog\/wp-json\/wp\/v2\/comments?post=75"}],"version-history":[{"count":3,"href":"https:\/\/ceradecolores.com\/blog\/wp-json\/wp\/v2\/posts\/75\/revisions"}],"predecessor-version":[{"id":468,"href":"https:\/\/ceradecolores.com\/blog\/wp-json\/wp\/v2\/posts\/75\/revisions\/468"}],"wp:featuredmedia":[{"embeddable":true,"href":"https:\/\/ceradecolores.com\/blog\/wp-json\/wp\/v2\/media\/479"}],"wp:attachment":[{"href":"https:\/\/ceradecolores.com\/blog\/wp-json\/wp\/v2\/media?parent=75"}],"wp:term":[{"taxonomy":"category","embeddable":true,"href":"https:\/\/ceradecolores.com\/blog\/wp-json\/wp\/v2\/categories?post=75"},{"taxonomy":"post_tag","embeddable":true,"href":"https:\/\/ceradecolores.com\/blog\/wp-json\/wp\/v2\/tags?post=75"}],"curies":[{"name":"wp","href":"https:\/\/api.w.org\/{rel}","templated":true}]}}