{"id":780,"date":"2017-09-05T21:23:41","date_gmt":"2017-09-05T19:23:41","guid":{"rendered":"http:\/\/ceradecolores.com\/blog\/?p=780"},"modified":"2017-09-05T21:23:41","modified_gmt":"2017-09-05T19:23:41","slug":"la-necesidad-envoltura-los-ninos","status":"publish","type":"post","link":"https:\/\/ceradecolores.com\/blog\/2017\/09\/05\/la-necesidad-envoltura-los-ninos\/","title":{"rendered":"La necesidad de envoltura en los ni\u00f1os"},"content":{"rendered":"<p>Durante el primer septenio se crean las bases de los futuros comportamientos de los ni\u00f1os, hoy te explico su importancia.<\/p>\n<p><!--more--><\/p>\n<p>La Pedagog\u00eda Waldorf tiene en cuenta las necesidades de los ni\u00f1os en funci\u00f3n de su desarrollo en base a la biograf\u00eda humana, es decir, al estudio del ser humano en base a septenios. Los septenios son per\u00edodos de tiempo en la vida de una persona que transcurren de 7 en 7 a\u00f1os. De 0 a 7 a\u00f1os ser\u00eda el primer septenio, de 7 a 14 el segundo, del 14 al 21 el tercero, etc&#8230;<\/p>\n<p>El primer septenio, y sobre todo los tres primeros a\u00f1os, son la base de muchos comportamientos futuros en el ni\u00f1o, as\u00ed como de sus carencias, necesidades y tambi\u00e9n confianza en el mundo y en s\u00ed mismo.<\/p>\n<p>Un ni\u00f1o en este per\u00edodo necesita saber que el mundo es bueno. De este modo tendr\u00e1 esa confianza tan necesaria en la vida. Este concepto del mundo es bueno ser\u00e1 transmitido por su familia, y m\u00e1s adelante por sus maestros. Por esta raz\u00f3n, el ambiente en el que se desenvuelva el ni\u00f1o es muy importante.<\/p>\n<p>Existen algunos sentidos basales que, m\u00e1s tarde, dar\u00e1n sus frutos \u00a0y le permitir\u00e1n relacionarse con los otros de forma sana y\u00a0equilibrada.<\/p>\n<p>Estos sentidos son:<\/p>\n<ul>\n<li>El sentido vital.<\/li>\n<li>Sentido del movimiento<\/li>\n<li>Sentido del tacto<\/li>\n<li>Y sentido del equilibrio<\/li>\n<\/ul>\n<p>Para desarrollar estos sentidos correctamente el ni\u00f1o necesita:<\/p>\n<ul>\n<li>Momentos de calma y momentos de actividad<\/li>\n<li>Un buena higiene de sue\u00f1o<\/li>\n<li>Ser cuidado con calma y cari\u00f1o<\/li>\n<li>Ritmos diarios<\/li>\n<li>Juego libre<\/li>\n<li>Actividad f\u00edsica<\/li>\n<li>Contacto con lo natural<\/li>\n<li>Presencia consciente del adulto que acompa\u00f1a<\/li>\n<\/ul>\n<p>&nbsp;<\/p>\n<p>Sin embargo, hoy en d\u00eda cada vez nos encontramos m\u00e1s con ni\u00f1os dispersos, perdidos, con falta de concentraci\u00f3n, ni\u00f1os que necesitan equilibrio,\u00a0contenci\u00f3n, una envoltura amorosa que les aporte informaci\u00f3n de d\u00f3nde est\u00e1 su cuerpo y hasta d\u00f3nde llega.<\/p>\n<p>Estos ni\u00f1os necesitan tocar constantemente, sentirse seguro en todo momento, o, puede que eviten ser tocados a no ser por personas de alta confianza para ellos. Quieren sentir d\u00f3nde est\u00e1n sus l\u00edmites corporales a trav\u00e9s del tocar, incluso el pegar, \u00a0o sienten como si su piel fuera tan sensible que duela al ser tocada y por eso evitan el contacto f\u00edsico.<\/p>\n<p>Tanto a los ni\u00f1os con hiposensibillidad t\u00e1ctil (el primer tipo), como los que tienen hipersensibilidad (el segundo) se les puede ayudar a trav\u00e9s de est\u00edmulos adecuados en cada caso y\u00a0mediante\u00a0un acompa\u00f1amiento respetuoso y amoroso.<\/p>\n<p>En el taller de este viernes que impartiremos la arteterapeuta Donatienne Theytaz y yo trabajaremos este tema tan importante. Ella acompa\u00f1ar\u00e1 a los adultos y yo a los ni\u00f1os a trav\u00e9s de juegos de dedos, de movimiento y tambi\u00e9n empleando t\u00e9cnicas arteterap\u00e9uticas que les aporten experiencias t\u00e1ctiles de calidad a trav\u00e9s de materiales naturales.<\/p>\n<p>&nbsp;<\/p>\n<p><img loading=\"lazy\" decoding=\"async\" class=\"size-medium wp-image-832 aligncenter\" src=\"http:\/\/ceradecolores.com\/blog\/wp-content\/uploads\/2017\/09\/cartel_envoltura_apousa-777x600.jpg\" alt=\"\" width=\"777\" height=\"600\" srcset=\"https:\/\/ceradecolores.com\/blog\/wp-content\/uploads\/2017\/09\/cartel_envoltura_apousa-777x600.jpg 777w, https:\/\/ceradecolores.com\/blog\/wp-content\/uploads\/2017\/09\/cartel_envoltura_apousa-768x593.jpg 768w\" sizes=\"(max-width: 777px) 100vw, 777px\" \/><\/p>\n<pre><em>La imagen del cartel es obra de Donatienne Theytaz<\/em><\/pre>\n<p>Para inscribiros o para m\u00e1s informaci\u00f3n pod\u00e9is contactar con:<\/p>\n<p>Donatienne: 680. 575 838 &#8211; saludarteterapia@gmail.com<\/p>\n<p>o conmigo (Ariane): 661.565 802 &#8211; ceradecolores@gmail.com<\/p>\n<p>Ser\u00e1 en Gondomar, en A pousa.<\/p>\n<p>&nbsp;<\/p>\n<p><span style=\"color: #273995;\"><em>Y t\u00fa, \u00bfHas podido notar algunos de estos aspectos en tu peque?\u00a0<\/em><\/span><\/p>\n<p>&nbsp;<\/p>\n","protected":false},"excerpt":{"rendered":"<p>Durante el primer septenio se crean las bases de los futuros comportamientos de los ni\u00f1os, hoy te explico su importancia.<\/p>\n","protected":false},"author":1,"featured_media":836,"comment_status":"open","ping_status":"open","sticky":false,"template":"","format":"standard","meta":{"footnotes":""},"categories":[3,7],"tags":[135,15,132,133,134],"_links":{"self":[{"href":"https:\/\/ceradecolores.com\/blog\/wp-json\/wp\/v2\/posts\/780"}],"collection":[{"href":"https:\/\/ceradecolores.com\/blog\/wp-json\/wp\/v2\/posts"}],"about":[{"href":"https:\/\/ceradecolores.com\/blog\/wp-json\/wp\/v2\/types\/post"}],"author":[{"embeddable":true,"href":"https:\/\/ceradecolores.com\/blog\/wp-json\/wp\/v2\/users\/1"}],"replies":[{"embeddable":true,"href":"https:\/\/ceradecolores.com\/blog\/wp-json\/wp\/v2\/comments?post=780"}],"version-history":[{"count":6,"href":"https:\/\/ceradecolores.com\/blog\/wp-json\/wp\/v2\/posts\/780\/revisions"}],"predecessor-version":[{"id":835,"href":"https:\/\/ceradecolores.com\/blog\/wp-json\/wp\/v2\/posts\/780\/revisions\/835"}],"wp:featuredmedia":[{"embeddable":true,"href":"https:\/\/ceradecolores.com\/blog\/wp-json\/wp\/v2\/media\/836"}],"wp:attachment":[{"href":"https:\/\/ceradecolores.com\/blog\/wp-json\/wp\/v2\/media?parent=780"}],"wp:term":[{"taxonomy":"category","embeddable":true,"href":"https:\/\/ceradecolores.com\/blog\/wp-json\/wp\/v2\/categories?post=780"},{"taxonomy":"post_tag","embeddable":true,"href":"https:\/\/ceradecolores.com\/blog\/wp-json\/wp\/v2\/tags?post=780"}],"curies":[{"name":"wp","href":"https:\/\/api.w.org\/{rel}","templated":true}]}}