{"id":805,"date":"2017-08-31T07:51:48","date_gmt":"2017-08-31T05:51:48","guid":{"rendered":"http:\/\/ceradecolores.com\/blog\/?p=805"},"modified":"2017-08-31T07:52:24","modified_gmt":"2017-08-31T05:52:24","slug":"cuentos-hablan-quererse-uno","status":"publish","type":"post","link":"https:\/\/ceradecolores.com\/blog\/2017\/08\/31\/cuentos-hablan-quererse-uno\/","title":{"rendered":"Cuentos sobre quererse a uno mismo"},"content":{"rendered":"<p>Inauguro esta secci\u00f3n de la mejor manera posible. Con una propuesta de libros sobre quererse a uno mismo. <!--more--><\/p>\n<p>Siempre he cre\u00eddo que la vida te va llevando hacia donde ser\u00e1s\u00a0m\u00e1s feliz, mientras\u00a0te dejes llevar, claro. Creo que por este motivo siempre acabo trabajando con personas maravillosas con ideas incre\u00edbles y proyectos llenos de autenticidad.<\/p>\n<p>Para m\u00ed lo de la autenticidad es importante porque creo que se puede percibir claramente cuando un negocio est\u00e1 basado en un impulso aut\u00e9ntico de la b\u00fasqueda de la felicidad a trav\u00e9s de lo que uno ama y cuando simplemente se basa en la b\u00fasqueda racional de dinero.<\/p>\n<p>Yo he pasado por la etapa t\u00edpica postuniversitaria en la que me estrujaba los sesos queriendo descubrir qu\u00e9 negocio me dar\u00eda dinero y \u00e9xito. Hasta que descubr\u00ed que todo eso viene (en caso de que venga) cuando dedicas tu cuerpo y alma en lo que te apasiona, porque entonces, no habr\u00e1 nada que te pare y transmitir\u00e1s VERDAD, esa autenticidad tan real.<\/p>\n<p>Esto es lo que ocurre con Laura y su proyecto. Laura, tras a\u00f1os dedic\u00e1ndose a algo que no le apasionaba, decidi\u00f3 montar hace dos a\u00f1os una librer\u00eda infantil y juvenil muy bonita en Pontevedra llamada\u00a0Patakafrita.<\/p>\n<p><img loading=\"lazy\" decoding=\"async\" class=\"size-medium wp-image-823 aligncenter\" src=\"http:\/\/ceradecolores.com\/blog\/wp-content\/uploads\/2017\/08\/patakafrita_porfuera_BLOG-434x600.jpg\" alt=\"\" width=\"434\" height=\"600\" srcset=\"https:\/\/ceradecolores.com\/blog\/wp-content\/uploads\/2017\/08\/patakafrita_porfuera_BLOG-434x600.jpg 434w, https:\/\/ceradecolores.com\/blog\/wp-content\/uploads\/2017\/08\/patakafrita_porfuera_BLOG-768x1061.jpg 768w, https:\/\/ceradecolores.com\/blog\/wp-content\/uploads\/2017\/08\/patakafrita_porfuera_BLOG.jpg 1024w\" sizes=\"(max-width: 434px) 100vw, 434px\" \/><\/p>\n<p>En esta librer\u00eda, pese a ser peque\u00f1ita, tienen un espacio reservado para dar charlas y talleres. Ese mismo espacio es su espacio\u00a0de conciliaci\u00f3n familiar ya que sus dos hijos pasan las tardes con ella en la tienda divirti\u00e9ndose\u00a0de mil maneras diferentes, dibujando, leyendo y tambi\u00e9n jugando en el parque que tienen en frente.<\/p>\n<p><img loading=\"lazy\" decoding=\"async\" class=\"size-medium wp-image-822 aligncenter\" src=\"http:\/\/ceradecolores.com\/blog\/wp-content\/uploads\/2017\/08\/patakafrita_BLOG-840x504.jpg\" alt=\"\" width=\"840\" height=\"504\" srcset=\"https:\/\/ceradecolores.com\/blog\/wp-content\/uploads\/2017\/08\/patakafrita_BLOG-840x504.jpg 840w, https:\/\/ceradecolores.com\/blog\/wp-content\/uploads\/2017\/08\/patakafrita_BLOG-768x461.jpg 768w, https:\/\/ceradecolores.com\/blog\/wp-content\/uploads\/2017\/08\/patakafrita_BLOG.jpg 1024w\" sizes=\"(max-width: 840px) 100vw, 840px\" \/><\/p>\n<p>Y tal y como pudiste leer <a href=\"http:\/\/ceradecolores.com\/blog\/2017\/08\/09\/talleres-cera-colores\/\">en este art\u00edculo<\/a> , all\u00ed impartir\u00e9 el curso de creatividad para peques y el de <a href=\"http:\/\/ceradecolores.com\/blog\/2017\/08\/25\/arteterapia-que-es\/\">Arteterapia<\/a> para j\u00f3venes y adultos.<\/p>\n<p>Bien, pues un d\u00eda le propuse que pod\u00edamos hacer una serie de \u00abcolecciones\u00bb de libros acerca de temas espec\u00edficos para poder compartirlo contigo.<\/p>\n<p>El primer tema que quisimos tratar fue el de \u00abquererse a uno mismo\u00bb. Y aqu\u00ed os presento 6 libros que hablan de este tema.<\/p>\n<p><img loading=\"lazy\" decoding=\"async\" class=\"size-medium wp-image-811 aligncenter\" src=\"http:\/\/ceradecolores.com\/blog\/wp-content\/uploads\/2017\/08\/libros_quererse_BLOG-840x560.jpg\" alt=\"\" width=\"840\" height=\"560\" srcset=\"https:\/\/ceradecolores.com\/blog\/wp-content\/uploads\/2017\/08\/libros_quererse_BLOG-840x560.jpg 840w, https:\/\/ceradecolores.com\/blog\/wp-content\/uploads\/2017\/08\/libros_quererse_BLOG-768x512.jpg 768w, https:\/\/ceradecolores.com\/blog\/wp-content\/uploads\/2017\/08\/libros_quererse_BLOG-900x600.jpg 900w, https:\/\/ceradecolores.com\/blog\/wp-content\/uploads\/2017\/08\/libros_quererse_BLOG.jpg 1024w\" sizes=\"(max-width: 840px) 100vw, 840px\" \/><\/p>\n<p>&nbsp;<\/p>\n<h2><span style=\"color: #273995;\">Cuentos que hablan de quererse a uno mismo.<\/span><\/h2>\n<p>&nbsp;<\/p>\n<p><img loading=\"lazy\" decoding=\"async\" class=\"size-medium wp-image-813 aligncenter\" src=\"http:\/\/ceradecolores.com\/blog\/wp-content\/uploads\/2017\/08\/libros_quererse3_BLOG-840x560.jpg\" alt=\"\" width=\"840\" height=\"560\" srcset=\"https:\/\/ceradecolores.com\/blog\/wp-content\/uploads\/2017\/08\/libros_quererse3_BLOG-840x560.jpg 840w, https:\/\/ceradecolores.com\/blog\/wp-content\/uploads\/2017\/08\/libros_quererse3_BLOG-768x512.jpg 768w, https:\/\/ceradecolores.com\/blog\/wp-content\/uploads\/2017\/08\/libros_quererse3_BLOG-900x600.jpg 900w, https:\/\/ceradecolores.com\/blog\/wp-content\/uploads\/2017\/08\/libros_quererse3_BLOG.jpg 1024w\" sizes=\"(max-width: 840px) 100vw, 840px\" \/><\/p>\n<p>&nbsp;<\/p>\n<p><strong>La vaca que se subi\u00f3 a un \u00e1rbol.<\/strong><\/p>\n<p>Este libro lo pongo de primero porque es mi favorito de esta colecci\u00f3n. Habla sobre ser uno mismo, diga lo que diga la gente. No dejar que te hagan desistir de tus ideas por muy irracionales\u00a0que parezcan. Me parece que ense\u00f1a unos valores maravillosos a cualquier ni\u00f1@ que lo lea ( y tambi\u00e9n adulto).<\/p>\n<p>La protagonista es Tina, una vaca que le gustan muchas m\u00e1s cosas que pastar hierba, es aventurera y so\u00f1adora. \u00bfSer\u00e1 capaz de transmitirle su esp\u00edritu aventurero a sus hermanas?<\/p>\n<p><img loading=\"lazy\" decoding=\"async\" class=\"size-medium wp-image-808 aligncenter\" src=\"http:\/\/ceradecolores.com\/blog\/wp-content\/uploads\/2017\/08\/libro_quererse4_BLOG-840x560.jpg\" alt=\"\" width=\"840\" height=\"560\" srcset=\"https:\/\/ceradecolores.com\/blog\/wp-content\/uploads\/2017\/08\/libro_quererse4_BLOG-840x560.jpg 840w, https:\/\/ceradecolores.com\/blog\/wp-content\/uploads\/2017\/08\/libro_quererse4_BLOG-768x512.jpg 768w, https:\/\/ceradecolores.com\/blog\/wp-content\/uploads\/2017\/08\/libro_quererse4_BLOG-900x600.jpg 900w, https:\/\/ceradecolores.com\/blog\/wp-content\/uploads\/2017\/08\/libro_quererse4_BLOG.jpg 1024w\" sizes=\"(max-width: 840px) 100vw, 840px\" \/><strong>Yo voy conmigo<\/strong><\/p>\n<p>\u00bfCu\u00e1ntas veces hemos cre\u00eddo perder nuestra identidad al tratar de agradar a los dem\u00e1s? Es lo que le pasa a nuestra protagonista. Siguiendo consejos para agradar a esa persona en cuesti\u00f3n, nota como se va perdiendo a s\u00ed misma por el camino. Y esto es algo que no deber\u00eda ocurrir jam\u00e1s.<\/p>\n<p><img loading=\"lazy\" decoding=\"async\" class=\"size-medium wp-image-806 aligncenter\" src=\"http:\/\/ceradecolores.com\/blog\/wp-content\/uploads\/2017\/08\/libro_quererse2_BLOG-840x560.jpg\" alt=\"\" width=\"840\" height=\"560\" srcset=\"https:\/\/ceradecolores.com\/blog\/wp-content\/uploads\/2017\/08\/libro_quererse2_BLOG-840x560.jpg 840w, https:\/\/ceradecolores.com\/blog\/wp-content\/uploads\/2017\/08\/libro_quererse2_BLOG-768x512.jpg 768w, https:\/\/ceradecolores.com\/blog\/wp-content\/uploads\/2017\/08\/libro_quererse2_BLOG-900x600.jpg 900w, https:\/\/ceradecolores.com\/blog\/wp-content\/uploads\/2017\/08\/libro_quererse2_BLOG.jpg 1024w\" sizes=\"(max-width: 840px) 100vw, 840px\" \/><\/p>\n<p><strong>Guapa\u00a0<\/strong><\/p>\n<p>Aunque en un primer momento este libro no me atrajo demasiado he de decir que la historia me ha encantado. Como los dem\u00e1s, habla de querernos tal y como somos. Y lo que algunos puedan creer que son defectos, otras personas podr\u00e1n verlos como virtudes y sean justo esas cosas las que les guste. No debemos tratar de aparentar lo que no somos para gustarle a nadie. Gran mensaje.<\/p>\n<p><img loading=\"lazy\" decoding=\"async\" class=\"size-medium wp-image-807 aligncenter\" src=\"http:\/\/ceradecolores.com\/blog\/wp-content\/uploads\/2017\/08\/libro_quererse3_BLOG-840x560.jpg\" alt=\"\" width=\"840\" height=\"560\" srcset=\"https:\/\/ceradecolores.com\/blog\/wp-content\/uploads\/2017\/08\/libro_quererse3_BLOG-840x560.jpg 840w, https:\/\/ceradecolores.com\/blog\/wp-content\/uploads\/2017\/08\/libro_quererse3_BLOG-768x512.jpg 768w, https:\/\/ceradecolores.com\/blog\/wp-content\/uploads\/2017\/08\/libro_quererse3_BLOG-900x600.jpg 900w, https:\/\/ceradecolores.com\/blog\/wp-content\/uploads\/2017\/08\/libro_quererse3_BLOG.jpg 1024w\" sizes=\"(max-width: 840px) 100vw, 840px\" \/><\/p>\n<p><strong>S\u00e9 t\u00fa mismo y nada m\u00e1s<\/strong><\/p>\n<p>Este tiene un tono m\u00e1s c\u00f3mico gracias a las ilustraciones y a las comparaciones que hace. Nos habla de nuestra inconformidad. Siempre hay algo que no nos gusta de nosotros mismos o quiz\u00e1s, nos gustar\u00eda parecernos a otras personas en algunos rasgos pero este libro nos ense\u00f1a que debemos querernos tal y como somos y nada m\u00e1s. Me gust\u00f3 mucho por que todo el libro est\u00e1 escrito en rimas y eso me encanta.<\/p>\n<p><img loading=\"lazy\" decoding=\"async\" class=\"size-medium wp-image-810 aligncenter\" src=\"http:\/\/ceradecolores.com\/blog\/wp-content\/uploads\/2017\/08\/libro_quererse6_blog-840x560.jpg\" alt=\"\" width=\"840\" height=\"560\" srcset=\"https:\/\/ceradecolores.com\/blog\/wp-content\/uploads\/2017\/08\/libro_quererse6_blog-840x560.jpg 840w, https:\/\/ceradecolores.com\/blog\/wp-content\/uploads\/2017\/08\/libro_quererse6_blog-768x512.jpg 768w, https:\/\/ceradecolores.com\/blog\/wp-content\/uploads\/2017\/08\/libro_quererse6_blog-900x600.jpg 900w, https:\/\/ceradecolores.com\/blog\/wp-content\/uploads\/2017\/08\/libro_quererse6_blog.jpg 1024w\" sizes=\"(max-width: 840px) 100vw, 840px\" \/><\/p>\n<p><strong>Wonder. Todos somos \u00fanicos.<\/strong><\/p>\n<p>El t\u00edtulo ya lo dice. Todos somos diferentes. Al personaje de esta historia le entristece el rechazo por ser distinto a los dem\u00e1s. Pero por muy diferente que seas, siempre encontrar\u00e1s con quien te sientas c\u00f3modo siendo as\u00ed de especial.<\/p>\n<p><img loading=\"lazy\" decoding=\"async\" class=\"alignnone size-medium wp-image-818\" src=\"http:\/\/ceradecolores.com\/blog\/wp-content\/uploads\/2017\/08\/libro_quererse7_BLOG-840x560.jpg\" alt=\"\" width=\"840\" height=\"560\" srcset=\"https:\/\/ceradecolores.com\/blog\/wp-content\/uploads\/2017\/08\/libro_quererse7_BLOG-840x560.jpg 840w, https:\/\/ceradecolores.com\/blog\/wp-content\/uploads\/2017\/08\/libro_quererse7_BLOG-768x512.jpg 768w, https:\/\/ceradecolores.com\/blog\/wp-content\/uploads\/2017\/08\/libro_quererse7_BLOG-900x600.jpg 900w, https:\/\/ceradecolores.com\/blog\/wp-content\/uploads\/2017\/08\/libro_quererse7_BLOG.jpg 1024w\" sizes=\"(max-width: 840px) 100vw, 840px\" \/><\/p>\n<p><strong>Armando<\/strong><\/p>\n<p>Este libro lo pusimos en esta categor\u00eda pero realmente podr\u00eda estar en varias. El\u00a0motivo por el\u00a0que encaja en esta colecci\u00f3n\u00a0es porque habla de que no por ser chico o chica tienes que tener unos gustos predefinidos, por lo que tambi\u00e9n apela al amarse a uno mismo sin importar los prejuicios acerca de tu sexo.<\/p>\n<p><img loading=\"lazy\" decoding=\"async\" class=\"alignnone size-medium wp-image-809\" src=\"http:\/\/ceradecolores.com\/blog\/wp-content\/uploads\/2017\/08\/libro_quererse5_BLOG-840x560.jpg\" alt=\"\" width=\"840\" height=\"560\" srcset=\"https:\/\/ceradecolores.com\/blog\/wp-content\/uploads\/2017\/08\/libro_quererse5_BLOG-840x560.jpg 840w, https:\/\/ceradecolores.com\/blog\/wp-content\/uploads\/2017\/08\/libro_quererse5_BLOG-768x512.jpg 768w, https:\/\/ceradecolores.com\/blog\/wp-content\/uploads\/2017\/08\/libro_quererse5_BLOG-900x600.jpg 900w, https:\/\/ceradecolores.com\/blog\/wp-content\/uploads\/2017\/08\/libro_quererse5_BLOG.jpg 1024w\" sizes=\"(max-width: 840px) 100vw, 840px\" \/><\/p>\n<p>&nbsp;<\/p>\n<p>Estos y muchos m\u00e1s libros podr\u00e1s encontrarlos en Patakafrita, situada en C\/ Jos\u00e9 Adr\u00edo Barreiro, n\u00ba 3-Local 4, la Pasarela, Pontevedra.<\/p>\n<p>Desde luego los libros son un gran veh\u00edculo para transmitir mensajes importantes de manera sencilla. Sin embargo, el modo m\u00e1s efectivo para transmitir valores es el vivirlos uno mismo para que los aprendan a trav\u00e9s del ejemplo. Es imposible ense\u00f1arle a tu peque que debe amarse si t\u00fa no te amas.<\/p>\n<p>Y t\u00fa, adem\u00e1s de libros, \u00bfde qu\u00e9 manera le transmites a tus peques la importancia de amarse?<\/p>\n<p><span style=\"color: #273995;\"><em>Espero que te haya gustado esta peque\u00f1a colecci\u00f3n. \u00a1Si conoces alguno m\u00e1s acerca de estos temas me encantar\u00eda que me lo dijeras para a\u00f1adirlo!<\/em><\/span><\/p>\n<p>&nbsp;<\/p>\n<p>&nbsp;<\/p>\n<p>&nbsp;<\/p>\n","protected":false},"excerpt":{"rendered":"<p>Inauguro esta secci\u00f3n de la mejor manera posible. Con una propuesta de libros sobre quererse a uno mismo.<\/p>\n","protected":false},"author":1,"featured_media":814,"comment_status":"open","ping_status":"open","sticky":false,"template":"","format":"standard","meta":{"footnotes":""},"categories":[131],"tags":[],"_links":{"self":[{"href":"https:\/\/ceradecolores.com\/blog\/wp-json\/wp\/v2\/posts\/805"}],"collection":[{"href":"https:\/\/ceradecolores.com\/blog\/wp-json\/wp\/v2\/posts"}],"about":[{"href":"https:\/\/ceradecolores.com\/blog\/wp-json\/wp\/v2\/types\/post"}],"author":[{"embeddable":true,"href":"https:\/\/ceradecolores.com\/blog\/wp-json\/wp\/v2\/users\/1"}],"replies":[{"embeddable":true,"href":"https:\/\/ceradecolores.com\/blog\/wp-json\/wp\/v2\/comments?post=805"}],"version-history":[{"count":8,"href":"https:\/\/ceradecolores.com\/blog\/wp-json\/wp\/v2\/posts\/805\/revisions"}],"predecessor-version":[{"id":825,"href":"https:\/\/ceradecolores.com\/blog\/wp-json\/wp\/v2\/posts\/805\/revisions\/825"}],"wp:featuredmedia":[{"embeddable":true,"href":"https:\/\/ceradecolores.com\/blog\/wp-json\/wp\/v2\/media\/814"}],"wp:attachment":[{"href":"https:\/\/ceradecolores.com\/blog\/wp-json\/wp\/v2\/media?parent=805"}],"wp:term":[{"taxonomy":"category","embeddable":true,"href":"https:\/\/ceradecolores.com\/blog\/wp-json\/wp\/v2\/categories?post=805"},{"taxonomy":"post_tag","embeddable":true,"href":"https:\/\/ceradecolores.com\/blog\/wp-json\/wp\/v2\/tags?post=805"}],"curies":[{"name":"wp","href":"https:\/\/api.w.org\/{rel}","templated":true}]}}