{"id":838,"date":"2017-11-18T00:43:42","date_gmt":"2017-11-17T23:43:42","guid":{"rendered":"http:\/\/ceradecolores.com\/blog\/?p=838"},"modified":"2017-11-27T02:39:55","modified_gmt":"2017-11-27T01:39:55","slug":"os-presento-petitbabar-sorteo","status":"publish","type":"post","link":"https:\/\/ceradecolores.com\/blog\/2017\/11\/18\/os-presento-petitbabar-sorteo\/","title":{"rendered":"\u00a1Sorteo presentaci\u00f3n Petit Babar!"},"content":{"rendered":"<p>Hace tiempo que me apetece hacer un sorteo y no veo motivo mejor que el presentaros a Petit Babar.<\/p>\n<p><!--more--><\/p>\n<p>Petit Babar es una tienda online dedicada a la venta de productos relacionados con los beb\u00e9s y peques en general. Venden tanto artesan\u00eda hecha por ellos como productos de otras marcas.<\/p>\n<p>Hoy quiero hablaros de sus productos hechos a mano que son los que, adem\u00e1s, podr\u00e1s encontrar en la <a href=\"http:\/\/www.ceradecolores.com\">tienda de Cera de Colores <\/a>a partir de \u00a1ya!<\/p>\n<p>Sandra es quien est\u00e1 detr\u00e1s de Petit Babar, tambi\u00e9n es mam\u00e1 y trabaja nocturnamente como yo, que escribo esto a altas horas de la madrugada, jaja.<\/p>\n<p>Conoc\u00ed las cositas hechas a mano de Petit Babar cuando estaba embarazada y unos buenos amigos me regalaron un sonajero personalizado con el nombre de mi peque en \u00e9l. Estaba hecho de madera y con unos colores preciosos. Ahora mismo en cat\u00e1logo tienen otro tipo de sonajeros y mordedores tambi\u00e9n muy bonitos.<\/p>\n<p><img loading=\"lazy\" decoding=\"async\" class=\"size-medium wp-image-843 aligncenter\" src=\"http:\/\/ceradecolores.com\/blog\/wp-content\/uploads\/2017\/10\/mordedor-silicona-y-madera-natural-471x600.jpg\" alt=\"\" width=\"471\" height=\"600\" srcset=\"https:\/\/ceradecolores.com\/blog\/wp-content\/uploads\/2017\/10\/mordedor-silicona-y-madera-natural-471x600.jpg 471w, https:\/\/ceradecolores.com\/blog\/wp-content\/uploads\/2017\/10\/mordedor-silicona-y-madera-natural.jpg 550w\" sizes=\"(max-width: 471px) 100vw, 471px\" \/><\/p>\n<p>En mi primer cumplea\u00f1os como mam\u00e1, cuando mi hija ten\u00eda apenas unos d\u00edas ya que naci\u00f3 poquito antes de mi cumplea\u00f1os, mi prima me regal\u00f3 un collar de lactancia precioso, en mi color favorito. Era de madera con algunas bolas recubiertas con algod\u00f3n a ganchillo y un peque\u00f1o aro de madera en el que Estrella se agarraba con su peque\u00f1a manita. \u00a1Tambi\u00e9n era de Petit Babar!<\/p>\n<p><img loading=\"lazy\" decoding=\"async\" class=\"size-medium wp-image-839 aligncenter\" src=\"http:\/\/ceradecolores.com\/blog\/wp-content\/uploads\/2017\/10\/collar-lactancia-mixture-471x600.jpg\" alt=\"\" width=\"471\" height=\"600\" srcset=\"https:\/\/ceradecolores.com\/blog\/wp-content\/uploads\/2017\/10\/collar-lactancia-mixture-471x600.jpg 471w, https:\/\/ceradecolores.com\/blog\/wp-content\/uploads\/2017\/10\/collar-lactancia-mixture.jpg 550w\" sizes=\"(max-width: 471px) 100vw, 471px\" \/><\/p>\n<p>Y tambi\u00e9n tenemos su gorrito de b\u00faho en color turquesa y verde pistacho. \u00a1Es muy bonito!<\/p>\n<p><img loading=\"lazy\" decoding=\"async\" class=\"size-medium wp-image-840 aligncenter\" src=\"http:\/\/ceradecolores.com\/blog\/wp-content\/uploads\/2017\/10\/gorro-buho-crochet-bebe-471x600.jpg\" alt=\"\" width=\"471\" height=\"600\" srcset=\"https:\/\/ceradecolores.com\/blog\/wp-content\/uploads\/2017\/10\/gorro-buho-crochet-bebe-471x600.jpg 471w, https:\/\/ceradecolores.com\/blog\/wp-content\/uploads\/2017\/10\/gorro-buho-crochet-bebe.jpg 550w\" sizes=\"(max-width: 471px) 100vw, 471px\" \/><\/p>\n<p>Como ves, no hablo por hablar de sus productos hechos a mano, \u00a1sino con conocimiento de causa! Por eso decidimos incorporar esas creaciones hechas con tanto mimo a nuestra tienda con intenci\u00f3n de, adem\u00e1s de ofrecerte los juguetes de madera artesanales, poder darte la opci\u00f3n de encontrar otro tipo de productos, tambi\u00e9n artesanales.<\/p>\n<p>Adem\u00e1s de collares de lactancia, gorritos y mordedores tambi\u00e9n tienen como novedad banderolas para decorar la habitaci\u00f3n y banderines hechos en ganchillo.<\/p>\n<p><img loading=\"lazy\" decoding=\"async\" class=\"size-medium wp-image-842 aligncenter\" src=\"http:\/\/ceradecolores.com\/blog\/wp-content\/uploads\/2017\/10\/guirnalda-crochet-rosa-gris-blanco4-471x600.jpg\" alt=\"\" width=\"471\" height=\"600\" srcset=\"https:\/\/ceradecolores.com\/blog\/wp-content\/uploads\/2017\/10\/guirnalda-crochet-rosa-gris-blanco4-471x600.jpg 471w, https:\/\/ceradecolores.com\/blog\/wp-content\/uploads\/2017\/10\/guirnalda-crochet-rosa-gris-blanco4.jpg 550w\" sizes=\"(max-width: 471px) 100vw, 471px\" \/><\/p>\n<p><img loading=\"lazy\" decoding=\"async\" class=\"size-medium wp-image-845 aligncenter\" src=\"http:\/\/ceradecolores.com\/blog\/wp-content\/uploads\/2017\/10\/banderola-habia-una-vez3-471x600.jpg\" alt=\"\" width=\"471\" height=\"600\" srcset=\"https:\/\/ceradecolores.com\/blog\/wp-content\/uploads\/2017\/10\/banderola-habia-una-vez3-471x600.jpg 471w, https:\/\/ceradecolores.com\/blog\/wp-content\/uploads\/2017\/10\/banderola-habia-una-vez3.jpg 550w\" sizes=\"(max-width: 471px) 100vw, 471px\" \/><\/p>\n<p>Tambi\u00e9n cubos de tela personalizados con los datos que quieras poner de tu peque.<\/p>\n<p><img loading=\"lazy\" decoding=\"async\" class=\"size-medium wp-image-938 aligncenter\" src=\"http:\/\/ceradecolores.com\/blog\/wp-content\/uploads\/2017\/11\/cubo-sonajero-personalizado-6-caras-471x600.jpg\" alt=\"\" width=\"471\" height=\"600\" srcset=\"https:\/\/ceradecolores.com\/blog\/wp-content\/uploads\/2017\/11\/cubo-sonajero-personalizado-6-caras-471x600.jpg 471w, https:\/\/ceradecolores.com\/blog\/wp-content\/uploads\/2017\/11\/cubo-sonajero-personalizado-6-caras.jpg 550w\" sizes=\"(max-width: 471px) 100vw, 471px\" \/><\/p>\n<p>Y muchas m\u00e1s cosas que me apetece que vayas descubriendo.<\/p>\n<p><span style=\"font-size: 0.95em;\">Me apetece celebrar:<\/span><\/p>\n<ul>\n<li>a las muchas madres emprendedoras que luchan por una conciliaci\u00f3n de verdad, aunque no sea f\u00e1cil y a veces sea agotador,<\/li>\n<li>que la tienda de Cera de Colores se ampl\u00eda cada d\u00eda un poquito m\u00e1s,<\/li>\n<li>que podr\u00e1s encontrar los juguetes de madera de Cera de Colores tambi\u00e9n en la tienda de Petit Babar,<\/li>\n<li>y que existen hermosas causalidades que te hacen conocer a gente muy especial&#8230;<\/li>\n<\/ul>\n<p>\u00a1As\u00ed que vamos a hacer un sorteo!<\/p>\n<p>\u00bfQu\u00e9 sortearemos? Pues: una pelota sonajero amarilla, mint y gris realizada en crochet y una guirnalda mint, amarillo y pistacho de Petit Babar y un puzzle de J\u00fapiter de Cera de Colores.<br \/>\n\u00a1Espero que os haga tanta ilusi\u00f3n como a m\u00ed!<\/p>\n<p><img loading=\"lazy\" decoding=\"async\" class=\"size-full wp-image-940 aligncenter\" src=\"http:\/\/ceradecolores.com\/blog\/wp-content\/uploads\/2017\/11\/Sorteo_3.png\" alt=\"\" width=\"840\" height=\"600\" srcset=\"https:\/\/ceradecolores.com\/blog\/wp-content\/uploads\/2017\/11\/Sorteo_3.png 840w, https:\/\/ceradecolores.com\/blog\/wp-content\/uploads\/2017\/11\/Sorteo_3-768x549.png 768w, https:\/\/ceradecolores.com\/blog\/wp-content\/uploads\/2017\/11\/Sorteo_3-100x70.png 100w\" sizes=\"(max-width: 840px) 100vw, 840px\" \/><\/p>\n<h2><span style=\"color: #273995;\">El sorteo<\/span><\/h2>\n<p>\u00bfQu\u00e9 tienes que hacer? Pues muy sencillo, seguir estos pasos que te muestro a continuaci\u00f3n.<\/p>\n<ol>\n<li>Ser fan de la p\u00e1gina del <a href=\"https:\/\/www.facebook.com\/ceradecolores\/\">facebook de Cera de Colores<\/a>\u00a0y\/o instagram (@ceradecolores).<\/li>\n<li>Ser fan de la p\u00e1gina del <a href=\"https:\/\/www.facebook.com\/petitbabarshop\/\">facebook de Petit Babar\u00a0<\/a>y\/o instagram (@petit_babar).<\/li>\n<li>Escribir un comentario en la publicaci\u00f3n del Facebook o Instagram etiquetando a tres amigxs que creas que puedan gustarle estos productos tanto como a ti. Puedes etiquetar a cu\u00e1nta gente quieras. Por cada nuevo comentario etiquetando a 3 personas diferentes tendr\u00e1s una participaci\u00f3n extra.<\/li>\n<\/ol>\n<p>Si no tienes redes sociales e igualmente quieres participar puedes mandarme un e-mail a : hola@ceradecolores.com<\/p>\n<p>A\u00fan sin redes puedes compartirlo por WhatsApp o contarle a tu vecina sobre este sorteo tan \u00a0 guay.<\/p>\n<p>Podr\u00e1s participar hasta las 23:59 del d\u00eda 24 de noviembre incluido. El ganador lo anunciar\u00e9 en los pr\u00f3ximos d\u00edas despu\u00e9s de que finalice el concurso en este mismo art\u00edculo.<\/p>\n<p>Podr\u00e1n participar todos los residentes en Espa\u00f1a peninsular e islas.<\/p>\n<p>Despu\u00e9s de anunciar al ganador o ganadora, \u00e9ste\/a tendr\u00e1 hasta el d\u00eda 28 incluido para reclamar su premio, si no lo hace hasta esa fecha volver\u00e9 a sortearlo entre los participantes.<\/p>\n<p>Este concurso no est\u00e1 promocionado, administrado o avalado por facebook\/instagram.<\/p>\n<p>\u00a1Mucha suerte y gracias!<\/p>\n<p>&nbsp;<\/p>\n<h3>Actualizaci\u00f3n del 27 de noviembre de 2017. La ganadora del sorteo es: @nuriafigueras desde isntagram. \u00a0!Enhorabuena!<\/h3>\n<p>&nbsp;<\/p>\n<p>&nbsp;<\/p>\n","protected":false},"excerpt":{"rendered":"<p>Hace tiempo que me apetece hacer un sorteo y no veo motivo mejor que el presentaros a Petit Babar.<\/p>\n","protected":false},"author":1,"featured_media":937,"comment_status":"open","ping_status":"open","sticky":false,"template":"","format":"standard","meta":{"footnotes":""},"categories":[74],"tags":[143,142],"_links":{"self":[{"href":"https:\/\/ceradecolores.com\/blog\/wp-json\/wp\/v2\/posts\/838"}],"collection":[{"href":"https:\/\/ceradecolores.com\/blog\/wp-json\/wp\/v2\/posts"}],"about":[{"href":"https:\/\/ceradecolores.com\/blog\/wp-json\/wp\/v2\/types\/post"}],"author":[{"embeddable":true,"href":"https:\/\/ceradecolores.com\/blog\/wp-json\/wp\/v2\/users\/1"}],"replies":[{"embeddable":true,"href":"https:\/\/ceradecolores.com\/blog\/wp-json\/wp\/v2\/comments?post=838"}],"version-history":[{"count":11,"href":"https:\/\/ceradecolores.com\/blog\/wp-json\/wp\/v2\/posts\/838\/revisions"}],"predecessor-version":[{"id":947,"href":"https:\/\/ceradecolores.com\/blog\/wp-json\/wp\/v2\/posts\/838\/revisions\/947"}],"wp:featuredmedia":[{"embeddable":true,"href":"https:\/\/ceradecolores.com\/blog\/wp-json\/wp\/v2\/media\/937"}],"wp:attachment":[{"href":"https:\/\/ceradecolores.com\/blog\/wp-json\/wp\/v2\/media?parent=838"}],"wp:term":[{"taxonomy":"category","embeddable":true,"href":"https:\/\/ceradecolores.com\/blog\/wp-json\/wp\/v2\/categories?post=838"},{"taxonomy":"post_tag","embeddable":true,"href":"https:\/\/ceradecolores.com\/blog\/wp-json\/wp\/v2\/tags?post=838"}],"curies":[{"name":"wp","href":"https:\/\/api.w.org\/{rel}","templated":true}]}}