{"id":948,"date":"2017-11-29T02:28:34","date_gmt":"2017-11-29T01:28:34","guid":{"rendered":"http:\/\/ceradecolores.com\/blog\/?p=948"},"modified":"2017-11-29T02:46:34","modified_gmt":"2017-11-29T01:46:34","slug":"calendario-adviento-diy","status":"publish","type":"post","link":"https:\/\/ceradecolores.com\/blog\/2017\/11\/29\/calendario-adviento-diy\/","title":{"rendered":"Calendario de adviento. DIY."},"content":{"rendered":"<p>Quiero compartir contigo nuestro calendario de adviento por si te inspira a hacer uno similar.\u00a0<!--more--><\/p>\n<p>El calendario de adviento es un s\u00edmbolo que se origin\u00f3 en Alemania en el siglo XIX. Originalmente se encend\u00eda una vela cada d\u00eda desde el primer domingo de adviento hasta la Nochebuena.<\/p>\n<p>Se fue transformando con el tiempo y actualmente existen muchos tipos diferentes aunque los que tienen m\u00e1s \u00e9xito son los que ofrecen alg\u00fan dulce o chocolate por cada d\u00eda.<\/p>\n<p>El calendario de adviento que comparto hoy contigo se inicia el 1 de diciembre como es m\u00e1s com\u00fan hoy en d\u00eda, y tiene una vela que se enciende el 25 de diciembre, es decir, el d\u00eda de Navidad.<\/p>\n<p><img loading=\"lazy\" decoding=\"async\" class=\"size-medium wp-image-949 aligncenter\" src=\"http:\/\/ceradecolores.com\/blog\/wp-content\/uploads\/2017\/11\/adviento_ceradecolores_BLOG1-840x560.jpg\" alt=\"\" width=\"840\" height=\"560\" srcset=\"https:\/\/ceradecolores.com\/blog\/wp-content\/uploads\/2017\/11\/adviento_ceradecolores_BLOG1-840x560.jpg 840w, https:\/\/ceradecolores.com\/blog\/wp-content\/uploads\/2017\/11\/adviento_ceradecolores_BLOG1-768x512.jpg 768w, https:\/\/ceradecolores.com\/blog\/wp-content\/uploads\/2017\/11\/adviento_ceradecolores_BLOG1-900x600.jpg 900w, https:\/\/ceradecolores.com\/blog\/wp-content\/uploads\/2017\/11\/adviento_ceradecolores_BLOG1.jpg 1024w\" sizes=\"(max-width: 840px) 100vw, 840px\" \/><\/p>\n<h3><span style=\"color: #273995;\">Materiales:<\/span><\/h3>\n<ul>\n<li>Barro\/arcilla. Yo uso una denominada CT porque tiene m\u00e1s chamota, m\u00e1s arenilla y me parece m\u00e1s \u00abaut\u00e9ntica\u00bb que las cl\u00e1sicas. Es m\u00e1s tierra. Pero puedes emplear cualquier tipo de arcilla, as\u00ed como la blanca que se endurece al aire o incluso, hacer t\u00fa mismo una masa de sal, por ejemplo.<\/li>\n<li>Canicas. Yo emple\u00e9 canicas porque a los ni\u00f1os les suelen gustar mucho los objetos brillantes y transl\u00facidos. Pero tambi\u00e9n creo que haremos la versi\u00f3n con velas \u00fanicamente. Puedes usar peque\u00f1as piedras tambi\u00e9n, o cualquier otra cosa que se te ocurra. !Piensa en lo que tienes por casa e improvisa!<\/li>\n<li>Una vela, a poder ser de cera de abeja natural.<\/li>\n<li>Pintura, si lo quieres pintado, claro. Yo dud\u00e9 mucho de si pintarlo porque tambi\u00e9n me gustaba al natural, pero al final me anim\u00e9. Yo us\u00e9 unas gouaches que me encantan. Soy muy exigente con los colores de las pinturas y con ellas en general, y por fin encontr\u00e9 unas gouache que merecen la pena. Son de la marca Lefranc &amp; Bourgeois y las puedes encontrar en la <a href=\"https:\/\/ceradecolores.com\/es\/inicio\/72-664-gouache-remix-lefranc-bourgeois.html#\/111-colores_gouache_lefranc-azul_primario\/116-cantidad_gouache_lefranc-250_ml\">tienda<\/a>. \u00a0\u00c9stas tienen un 85% de ingredientes naturales y las mezclas de colores son preciosas, no son sucias como la mayor\u00eda de las gouache. Y lo mejor es el precio porque son s\u00faper econ\u00f3micas. Tambi\u00e9n puedes pintarlo con acr\u00edlico, acuarela o cualquier otra pintura que tengas por casa.<\/li>\n<\/ul>\n<p><img loading=\"lazy\" decoding=\"async\" class=\"size-medium wp-image-952 aligncenter\" style=\"font-size: 0.95em;\" src=\"http:\/\/ceradecolores.com\/blog\/wp-content\/uploads\/2017\/11\/adviento_ceradecolores_BLOG4-794x600.jpg\" alt=\"\" width=\"794\" height=\"600\" srcset=\"https:\/\/ceradecolores.com\/blog\/wp-content\/uploads\/2017\/11\/adviento_ceradecolores_BLOG4-794x600.jpg 794w, https:\/\/ceradecolores.com\/blog\/wp-content\/uploads\/2017\/11\/adviento_ceradecolores_BLOG4-768x581.jpg 768w, https:\/\/ceradecolores.com\/blog\/wp-content\/uploads\/2017\/11\/adviento_ceradecolores_BLOG4.jpg 1024w\" sizes=\"(max-width: 794px) 100vw, 794px\" \/><\/p>\n<p>Y \u00a1listo! No necesitas nada m\u00e1s.<\/p>\n<h3><span style=\"color: #273995;\">\u00bfC\u00f3mo se hace?<\/span><\/h3>\n<p>&nbsp;<\/p>\n<p>Hacemos un churro bastante largo con la arcilla. Manipularla a los peques les suele gustar mucho aunque si son muy chiquitines vamos a tener que ayudarles un pel\u00edn ya que no tienen la suficiente fuerza. \u00a0Le damos la forma que queramos, en mi caso una espiral terminada en una base para la vela.<\/p>\n<p>Le hacemos con el dedo me\u00f1ique (si es de un adulto, el \u00edndice si es de alguien m\u00e1s peque\u00f1ita) 24 agujeros pero sin llegar al otro lado de la arcilla. Solamente es para tener el hueco para las canicas.<\/p>\n<p>Yo le quise hacer un recipiente para las canicas. Es muy sencillo de hacer. Solo tienes que darle la forma de recipiente ahuecando con los dedos.<\/p>\n<p><img loading=\"lazy\" decoding=\"async\" class=\"size-medium wp-image-953 aligncenter\" src=\"http:\/\/ceradecolores.com\/blog\/wp-content\/uploads\/2017\/11\/adviento_ceradecolores_BLOG5-840x546.jpg\" alt=\"\" width=\"840\" height=\"546\" srcset=\"https:\/\/ceradecolores.com\/blog\/wp-content\/uploads\/2017\/11\/adviento_ceradecolores_BLOG5-840x546.jpg 840w, https:\/\/ceradecolores.com\/blog\/wp-content\/uploads\/2017\/11\/adviento_ceradecolores_BLOG5-768x500.jpg 768w, https:\/\/ceradecolores.com\/blog\/wp-content\/uploads\/2017\/11\/adviento_ceradecolores_BLOG5.jpg 1024w\" sizes=\"(max-width: 840px) 100vw, 840px\" \/><\/p>\n<p>Deja secar todo por un d\u00eda para pintarlo, aunque si lo hicieras con el barro h\u00famedo tampoco pasar\u00eda nada.\u00a0Yo lo pint\u00e9 con transiciones de colores y en los agujeros le puse el color de las canicas y as\u00ed la peque puede ir asociando colores al poner cada d\u00eda la canica correspondiente.<\/p>\n<p><img loading=\"lazy\" decoding=\"async\" class=\"size-medium wp-image-951 aligncenter\" src=\"http:\/\/ceradecolores.com\/blog\/wp-content\/uploads\/2017\/11\/adviento_ceradecolores_BLOG3-840x560.jpg\" alt=\"\" width=\"840\" height=\"560\" srcset=\"https:\/\/ceradecolores.com\/blog\/wp-content\/uploads\/2017\/11\/adviento_ceradecolores_BLOG3-840x560.jpg 840w, https:\/\/ceradecolores.com\/blog\/wp-content\/uploads\/2017\/11\/adviento_ceradecolores_BLOG3-768x512.jpg 768w, https:\/\/ceradecolores.com\/blog\/wp-content\/uploads\/2017\/11\/adviento_ceradecolores_BLOG3-900x600.jpg 900w, https:\/\/ceradecolores.com\/blog\/wp-content\/uploads\/2017\/11\/adviento_ceradecolores_BLOG3.jpg 1024w\" sizes=\"(max-width: 840px) 100vw, 840px\" \/><\/p>\n<p>Tambi\u00e9n puede ir interiorizando conceptos matem\u00e1ticos ya que son 24 canicas, pero 6 de cada color.<\/p>\n<p>Puedes ir m\u00e1s all\u00e1 y poner los colores alternados y definir una actividad para cada color. Por ejemplo: los d\u00edas que toque canica verde cocinaremos, los d\u00edas de canica blanca haremos alguna creaci\u00f3n para Navidad y as\u00ed seg\u00fan lo que os propong\u00e1is. Cualquier excusa es buena para hacer cosas en familia.<\/p>\n<p>Y ahora solo queda esperar impacientes al 1 de diciembre para estrenarlo.<\/p>\n<p><img loading=\"lazy\" decoding=\"async\" class=\"size-medium wp-image-950 aligncenter\" src=\"http:\/\/ceradecolores.com\/blog\/wp-content\/uploads\/2017\/11\/adviento_ceradecolores_BLOG2-840x560.jpg\" alt=\"\" width=\"840\" height=\"560\" srcset=\"https:\/\/ceradecolores.com\/blog\/wp-content\/uploads\/2017\/11\/adviento_ceradecolores_BLOG2-840x560.jpg 840w, https:\/\/ceradecolores.com\/blog\/wp-content\/uploads\/2017\/11\/adviento_ceradecolores_BLOG2-768x512.jpg 768w, https:\/\/ceradecolores.com\/blog\/wp-content\/uploads\/2017\/11\/adviento_ceradecolores_BLOG2-900x600.jpg 900w, https:\/\/ceradecolores.com\/blog\/wp-content\/uploads\/2017\/11\/adviento_ceradecolores_BLOG2.jpg 1024w\" sizes=\"(max-width: 840px) 100vw, 840px\" \/><\/p>\n<p>Advertencia: no tengas este calendario al alcance de tu peque si a\u00fan est\u00e1 en la fase oral y se lleva todo a la boca ya que se podr\u00eda tragar una canica.<\/p>\n<p>Espero que te haya gustado y resultado pr\u00e1ctico. \u00a1Me encantar\u00eda ver tus resultados!<\/p>\n<p>&nbsp;<\/p>\n<p style=\"text-align: center;\"><span style=\"color: #273995;\"><em>Y t\u00fa, \u00bfya tienes listo tu calendario de adviento?<\/em><\/span><\/p>\n<p>&nbsp;<\/p>\n<p>&nbsp;<\/p>\n<p>&nbsp;<\/p>\n","protected":false},"excerpt":{"rendered":"<p>Quiero compartir contigo nuestro calendario de adviento por si te inspira a hacer uno similar.\u00a0<\/p>\n","protected":false},"author":1,"featured_media":955,"comment_status":"open","ping_status":"open","sticky":false,"template":"","format":"standard","meta":{"footnotes":""},"categories":[6],"tags":[144,28,145],"_links":{"self":[{"href":"https:\/\/ceradecolores.com\/blog\/wp-json\/wp\/v2\/posts\/948"}],"collection":[{"href":"https:\/\/ceradecolores.com\/blog\/wp-json\/wp\/v2\/posts"}],"about":[{"href":"https:\/\/ceradecolores.com\/blog\/wp-json\/wp\/v2\/types\/post"}],"author":[{"embeddable":true,"href":"https:\/\/ceradecolores.com\/blog\/wp-json\/wp\/v2\/users\/1"}],"replies":[{"embeddable":true,"href":"https:\/\/ceradecolores.com\/blog\/wp-json\/wp\/v2\/comments?post=948"}],"version-history":[{"count":2,"href":"https:\/\/ceradecolores.com\/blog\/wp-json\/wp\/v2\/posts\/948\/revisions"}],"predecessor-version":[{"id":957,"href":"https:\/\/ceradecolores.com\/blog\/wp-json\/wp\/v2\/posts\/948\/revisions\/957"}],"wp:featuredmedia":[{"embeddable":true,"href":"https:\/\/ceradecolores.com\/blog\/wp-json\/wp\/v2\/media\/955"}],"wp:attachment":[{"href":"https:\/\/ceradecolores.com\/blog\/wp-json\/wp\/v2\/media?parent=948"}],"wp:term":[{"taxonomy":"category","embeddable":true,"href":"https:\/\/ceradecolores.com\/blog\/wp-json\/wp\/v2\/categories?post=948"},{"taxonomy":"post_tag","embeddable":true,"href":"https:\/\/ceradecolores.com\/blog\/wp-json\/wp\/v2\/tags?post=948"}],"curies":[{"name":"wp","href":"https:\/\/api.w.org\/{rel}","templated":true}]}}