{"id":958,"date":"2017-12-03T21:09:13","date_gmt":"2017-12-03T20:09:13","guid":{"rendered":"http:\/\/ceradecolores.com\/blog\/?p=958"},"modified":"2017-12-15T03:41:44","modified_gmt":"2017-12-15T02:41:44","slug":"hadas-mamagola","status":"publish","type":"post","link":"https:\/\/ceradecolores.com\/blog\/2017\/12\/03\/hadas-mamagola\/","title":{"rendered":"Hadas Waldorf Mamagola"},"content":{"rendered":"<p>Hoy quiero presentarte a una artesana que elabora preciosas hadas Waldorf. Y \u00a1habr\u00e1 sorteo! As\u00ed que sigue leyendo.<!--more--><\/p>\n<p>&nbsp;<\/p>\n<p>Conoc\u00ed a <a href=\"https:\/\/mamagola.wordpress.com\">Mamagola<\/a> hace tiempo y es de esas personas que te vas encontrando una y otra vez hasta que al fin se queda de alg\u00fan modo en tu vida.<\/p>\n<p>Y no puedo estar m\u00e1s contenta. Poder compartir con todos vosotros su talento y sus bellas creaciones y poder tenerlas en mi tienda es para m\u00ed todo un motivo de alegr\u00eda.<\/p>\n<p>A m\u00ed personalmente me encanta la lana cardada y todo lo que ella me transmite. Ya te expliqu\u00e9 en <a href=\"http:\/\/ceradecolores.com\/blog\/2016\/10\/02\/la-corona-del-primer-cumpleanos-de-estrella\/\">este art\u00edculo<\/a> c\u00f3mo hacer una corona de cumplea\u00f1os al estilo Waldorf con este tipo de lana y lo mucho que lo disfrut\u00e9.<\/p>\n<p><img loading=\"lazy\" decoding=\"async\" class=\"size-medium wp-image-969 aligncenter\" src=\"http:\/\/ceradecolores.com\/blog\/wp-content\/uploads\/2017\/12\/hada_jaspe_BLOG-840x560.jpg\" alt=\"\" width=\"840\" height=\"560\" srcset=\"https:\/\/ceradecolores.com\/blog\/wp-content\/uploads\/2017\/12\/hada_jaspe_BLOG-840x560.jpg 840w, https:\/\/ceradecolores.com\/blog\/wp-content\/uploads\/2017\/12\/hada_jaspe_BLOG-768x512.jpg 768w, https:\/\/ceradecolores.com\/blog\/wp-content\/uploads\/2017\/12\/hada_jaspe_BLOG-900x600.jpg 900w, https:\/\/ceradecolores.com\/blog\/wp-content\/uploads\/2017\/12\/hada_jaspe_BLOG.jpg 1024w\" sizes=\"(max-width: 840px) 100vw, 840px\" \/><\/p>\n<p>Las hadas Waldorf son otra debilidad que tengo pero sin embargo no todas las hadas que he visto consiguieron transmitirme ternura, magia y tanta dulzura. Estoy segura de que cuando realizamos todo tipo de labores o proyectos, transmitimos sin quererlo a veces, lo que llevamos dentro, ese mundo interior que nadie ve pero que nos acompa\u00f1a como si de un aura se tratara. Se ve reflejado en nuestra manera de caminar, de hablar, y de hacer. Est\u00e1 ah\u00ed. Por eso, no todas las hadas son capaces de transmitirnos lo mismo, aunque tambi\u00e9n influye nuestra propia manera de ver y sentir las cosas.<\/p>\n<p><img loading=\"lazy\" decoding=\"async\" class=\"size-medium wp-image-960 aligncenter\" src=\"http:\/\/ceradecolores.com\/blog\/wp-content\/uploads\/2017\/12\/hada_roja_BLOG-840x560.jpg\" alt=\"\" width=\"840\" height=\"560\" srcset=\"https:\/\/ceradecolores.com\/blog\/wp-content\/uploads\/2017\/12\/hada_roja_BLOG-840x560.jpg 840w, https:\/\/ceradecolores.com\/blog\/wp-content\/uploads\/2017\/12\/hada_roja_BLOG-768x512.jpg 768w, https:\/\/ceradecolores.com\/blog\/wp-content\/uploads\/2017\/12\/hada_roja_BLOG-900x600.jpg 900w, https:\/\/ceradecolores.com\/blog\/wp-content\/uploads\/2017\/12\/hada_roja_BLOG.jpg 1024w\" sizes=\"(max-width: 840px) 100vw, 840px\" \/><\/p>\n<p>Lo que s\u00e9, es que estas hadas a m\u00ed me conquistaron desde la primera vez que las vi, tienen algo especial que las hace \u00fanicas.<\/p>\n<p><img loading=\"lazy\" decoding=\"async\" class=\"size-medium wp-image-963 aligncenter\" src=\"http:\/\/ceradecolores.com\/blog\/wp-content\/uploads\/2017\/12\/hada_turquesa_BLOG-840x560.jpg\" alt=\"\" width=\"840\" height=\"560\" srcset=\"https:\/\/ceradecolores.com\/blog\/wp-content\/uploads\/2017\/12\/hada_turquesa_BLOG-840x560.jpg 840w, https:\/\/ceradecolores.com\/blog\/wp-content\/uploads\/2017\/12\/hada_turquesa_BLOG-768x512.jpg 768w, https:\/\/ceradecolores.com\/blog\/wp-content\/uploads\/2017\/12\/hada_turquesa_BLOG-900x600.jpg 900w, https:\/\/ceradecolores.com\/blog\/wp-content\/uploads\/2017\/12\/hada_turquesa_BLOG.jpg 1024w\" sizes=\"(max-width: 840px) 100vw, 840px\" \/><\/p>\n<p>As\u00ed que, le ped\u00ed poder tenerlas en mi <a href=\"http:\/\/www.ceradecolores.com\">tienda<\/a>\u00a0por si a ti tambi\u00e9n te enamoran.<\/p>\n<p>Son \u00fanicas, as\u00ed que solo hay un ejemplar de cada, pero seguir\u00e1n estando disponibles en la tienda a\u00fan cuando no haya stock por si quieres una similar poder encargarla.<\/p>\n<p>Son ideales para colgar en cualquier habitaci\u00f3n o incluso encima de la mesa de estaci\u00f3n ya que cada una puede hacernos pensar en una estaci\u00f3n del a\u00f1o, como esta que te ense\u00f1o a continuaci\u00f3n, con la setita, ser\u00eda ideal para oto\u00f1o.<\/p>\n<p><img loading=\"lazy\" decoding=\"async\" class=\"size-medium wp-image-959 aligncenter\" src=\"http:\/\/ceradecolores.com\/blog\/wp-content\/uploads\/2017\/12\/hada_oto\u00f1o_BLOG-840x560.jpg\" alt=\"\" width=\"840\" height=\"560\" srcset=\"https:\/\/ceradecolores.com\/blog\/wp-content\/uploads\/2017\/12\/hada_oto\u00f1o_BLOG-840x560.jpg 840w, https:\/\/ceradecolores.com\/blog\/wp-content\/uploads\/2017\/12\/hada_oto\u00f1o_BLOG-768x512.jpg 768w, https:\/\/ceradecolores.com\/blog\/wp-content\/uploads\/2017\/12\/hada_oto\u00f1o_BLOG-900x600.jpg 900w, https:\/\/ceradecolores.com\/blog\/wp-content\/uploads\/2017\/12\/hada_oto\u00f1o_BLOG.jpg 1024w\" sizes=\"(max-width: 840px) 100vw, 840px\" \/><\/p>\n<p>Adem\u00e1s de por su belleza y la armon\u00eda que nos transmite, es ideal tambi\u00e9n por el cristal facetado que cuelga de cada hada. Este cristal se suele usar en el Feng Shui para activar zonas que son necesarias equilibrar o simplemente para decorar.<\/p>\n<p><img loading=\"lazy\" decoding=\"async\" class=\"size-medium wp-image-965 aligncenter\" src=\"http:\/\/ceradecolores.com\/blog\/wp-content\/uploads\/2017\/12\/hada_invierno_BLOG-840x560.jpg\" alt=\"\" width=\"840\" height=\"560\" srcset=\"https:\/\/ceradecolores.com\/blog\/wp-content\/uploads\/2017\/12\/hada_invierno_BLOG-840x560.jpg 840w, https:\/\/ceradecolores.com\/blog\/wp-content\/uploads\/2017\/12\/hada_invierno_BLOG-768x512.jpg 768w, https:\/\/ceradecolores.com\/blog\/wp-content\/uploads\/2017\/12\/hada_invierno_BLOG-900x600.jpg 900w, https:\/\/ceradecolores.com\/blog\/wp-content\/uploads\/2017\/12\/hada_invierno_BLOG.jpg 1024w\" sizes=\"(max-width: 840px) 100vw, 840px\" \/><\/p>\n<p>Espero que te hayan gustado tanto como a m\u00ed. Si es as\u00ed, te encantar\u00e1 participar en este sorteo.<\/p>\n<p>\u00bfQu\u00e9 sortearemos? La siguiente hada que veis.<\/p>\n<p><img loading=\"lazy\" decoding=\"async\" class=\"size-medium wp-image-961 aligncenter\" src=\"http:\/\/ceradecolores.com\/blog\/wp-content\/uploads\/2017\/12\/hada_sorteo_BLOG-840x560.jpg\" alt=\"\" width=\"840\" height=\"560\" srcset=\"https:\/\/ceradecolores.com\/blog\/wp-content\/uploads\/2017\/12\/hada_sorteo_BLOG-840x560.jpg 840w, https:\/\/ceradecolores.com\/blog\/wp-content\/uploads\/2017\/12\/hada_sorteo_BLOG-768x512.jpg 768w, https:\/\/ceradecolores.com\/blog\/wp-content\/uploads\/2017\/12\/hada_sorteo_BLOG-900x600.jpg 900w, https:\/\/ceradecolores.com\/blog\/wp-content\/uploads\/2017\/12\/hada_sorteo_BLOG.jpg 1024w\" sizes=\"(max-width: 840px) 100vw, 840px\" \/><\/p>\n<p><img loading=\"lazy\" decoding=\"async\" class=\"size-medium wp-image-962 aligncenter\" src=\"http:\/\/ceradecolores.com\/blog\/wp-content\/uploads\/2017\/12\/hada_sorteo2_BLOG-802x600.jpg\" alt=\"\" width=\"802\" height=\"600\" srcset=\"https:\/\/ceradecolores.com\/blog\/wp-content\/uploads\/2017\/12\/hada_sorteo2_BLOG-802x600.jpg 802w, https:\/\/ceradecolores.com\/blog\/wp-content\/uploads\/2017\/12\/hada_sorteo2_BLOG-768x575.jpg 768w, https:\/\/ceradecolores.com\/blog\/wp-content\/uploads\/2017\/12\/hada_sorteo2_BLOG.jpg 1024w\" sizes=\"(max-width: 802px) 100vw, 802px\" \/><\/p>\n<p>\u00bfQu\u00e9 tienes que hacer? Pues muy sencillo, seguir estos pasos que te muestro a continuaci\u00f3n.<\/p>\n<p>Si participas desde el facebook:<\/p>\n<ol>\n<li>Ser fan de la p\u00e1gina del <a href=\"https:\/\/www.facebook.com\/ceradecolores\/\">facebook de Cera de Colores.<\/a><\/li>\n<li>Compartir este art\u00edculo p\u00fablicamente en tu muro.<\/li>\n<li>Escribir un comentario en este art\u00edculo del blog o en el Facebook diciendo qu\u00e9 te transmiten estas hadas.<\/li>\n<\/ol>\n<p>Si participas desde instagram:<\/p>\n<ol>\n<li>Ser fan del <a href=\"https:\/\/www.instagram.com\/ceradecolores\/\">instagram de Cera de Colores.\u00a0<\/a><\/li>\n<li>Escribir un comentario en la foto del sorteo del instagram etiquetando a tres personas.<\/li>\n<\/ol>\n<p>Si no tienes redes sociales e igualmente quieres participar, m\u00e1ndame un e-mail para que te tenga en cuenta. Igualmente puedes compartirlo por WhatsApp o comentarlo con qui\u00e9n creas que le puede interesar.<\/p>\n<p>Podr\u00e1s participar hasta las 23:59 del d\u00eda 10 de diciembre incluido. El ganador lo anunciar\u00e9 en los pr\u00f3ximos d\u00edas despu\u00e9s de que finalice el concurso en este mismo art\u00edculo.<\/p>\n<p>Podr\u00e1n participar todos los residentes en Espa\u00f1a peninsular e islas.<\/p>\n<p>Este concurso no est\u00e1 promocionado, administrado o avalado por facebook.<\/p>\n<p>!Mucha suerte!<\/p>\n","protected":false},"excerpt":{"rendered":"<p>Hoy quiero presentarte a una artesana que elabora preciosas hadas Waldorf. Y \u00a1habr\u00e1 sorteo! As\u00ed que sigue leyendo.<\/p>\n","protected":false},"author":1,"featured_media":973,"comment_status":"open","ping_status":"open","sticky":false,"template":"","format":"standard","meta":{"footnotes":""},"categories":[7,74],"tags":[146,43,142],"_links":{"self":[{"href":"https:\/\/ceradecolores.com\/blog\/wp-json\/wp\/v2\/posts\/958"}],"collection":[{"href":"https:\/\/ceradecolores.com\/blog\/wp-json\/wp\/v2\/posts"}],"about":[{"href":"https:\/\/ceradecolores.com\/blog\/wp-json\/wp\/v2\/types\/post"}],"author":[{"embeddable":true,"href":"https:\/\/ceradecolores.com\/blog\/wp-json\/wp\/v2\/users\/1"}],"replies":[{"embeddable":true,"href":"https:\/\/ceradecolores.com\/blog\/wp-json\/wp\/v2\/comments?post=958"}],"version-history":[{"count":10,"href":"https:\/\/ceradecolores.com\/blog\/wp-json\/wp\/v2\/posts\/958\/revisions"}],"predecessor-version":[{"id":1007,"href":"https:\/\/ceradecolores.com\/blog\/wp-json\/wp\/v2\/posts\/958\/revisions\/1007"}],"wp:featuredmedia":[{"embeddable":true,"href":"https:\/\/ceradecolores.com\/blog\/wp-json\/wp\/v2\/media\/973"}],"wp:attachment":[{"href":"https:\/\/ceradecolores.com\/blog\/wp-json\/wp\/v2\/media?parent=958"}],"wp:term":[{"taxonomy":"category","embeddable":true,"href":"https:\/\/ceradecolores.com\/blog\/wp-json\/wp\/v2\/categories?post=958"},{"taxonomy":"post_tag","embeddable":true,"href":"https:\/\/ceradecolores.com\/blog\/wp-json\/wp\/v2\/tags?post=958"}],"curies":[{"name":"wp","href":"https:\/\/api.w.org\/{rel}","templated":true}]}}