{"id":976,"date":"2017-12-09T00:54:02","date_gmt":"2017-12-08T23:54:02","guid":{"rendered":"http:\/\/ceradecolores.com\/blog\/?p=976"},"modified":"2017-12-09T00:56:41","modified_gmt":"2017-12-08T23:56:41","slug":"origen-del-arbol-de-navidad","status":"publish","type":"post","link":"https:\/\/ceradecolores.com\/blog\/2017\/12\/09\/origen-del-arbol-de-navidad\/","title":{"rendered":"Origen del \u00e1rbol de Navidad"},"content":{"rendered":"<p>Buscar el origen de las tradiciones y poder compartirlas con nuestros peques le aportan un sentido y unas ra\u00edces muy necesarias hoy en d\u00eda.\u00a0<!--more--><\/p>\n<p>Al menos as\u00ed lo siento yo. Vivimos en la era de la informaci\u00f3n, podemos acceder a ella de manera casi autom\u00e1tica, muy r\u00e1pidamente. Pero la transmisi\u00f3n oral de las tradiciones y or\u00edgenes de lo que hacemos hoy se est\u00e1 perdiendo y me parece algo muy bonito que podemos transmitir a nuestros peques.<\/p>\n<p>Os propongo informaros sobre las tradiciones que realizamos a\u00f1o tras a\u00f1o en las diferentes festividades y que se las transmit\u00e1is oralmente a vuestros hijos. O inlcuso, si est\u00e1n preparados para ello o en ese punto, investigu\u00e9is juntos, pero a la antigua usanza: preguntad a vuestros mayores, id a la biblioteca y buscad alg\u00fan libro que hable sobre ello, revisad enciclopedias&#8230;<\/p>\n<p>Es una manera de acceder a informaci\u00f3n sin ser tan r\u00e1pida e informatizada. Hoy en d\u00eda con un clic pueden acceder a cualquier dato pero no se trabaja as\u00ed la voluntad, la paciencia, la curiosidad&#8230;<\/p>\n<p>Nosotros en casa no tenemos tele, y nuestra hija no tiene acceso ni a m\u00f3viles, ni a tablets ni a ordenadores. No nos parece positivo ni necesario para su sano desarrollo en sus primeros a\u00f1os de vida, pero eso nos da para otro art\u00edculo.<\/p>\n<p>En realidad hoy te quiero contar un poquito de lo que descubrimos nosotros sobre el origen del \u00e1rbol de Navidad.<\/p>\n<p><img loading=\"lazy\" decoding=\"async\" class=\"size-medium wp-image-978 aligncenter\" src=\"http:\/\/ceradecolores.com\/blog\/wp-content\/uploads\/2017\/12\/arbol_navidad_ceradecolores_BLOG-840x550.jpg\" alt=\"\" width=\"840\" height=\"550\" srcset=\"https:\/\/ceradecolores.com\/blog\/wp-content\/uploads\/2017\/12\/arbol_navidad_ceradecolores_BLOG-840x550.jpg 840w, https:\/\/ceradecolores.com\/blog\/wp-content\/uploads\/2017\/12\/arbol_navidad_ceradecolores_BLOG-768x503.jpg 768w, https:\/\/ceradecolores.com\/blog\/wp-content\/uploads\/2017\/12\/arbol_navidad_ceradecolores_BLOG.jpg 1024w\" sizes=\"(max-width: 840px) 100vw, 840px\" \/><\/p>\n<p>Es muy confuso su origen ya que hay muchas versiones y varias ciudades que se atribuyen el \u00abm\u00e9rito\u00bb. \u00a0Sin embargo, de todas las historias que he encontrado me quedo con algunos datos que me parecen curiosos.<\/p>\n<p>Una de las ciudades que se disputa el haber montado el primer \u00e1rbol de Navidad es Riga, en Latvia. En el a\u00f1o 1510 montaron en la plaza del mercado un \u00e1rbol. En realidad era un mont\u00f3n de madera en forma de tri\u00e1ngulo alrededor del cual, en las fiestas paganas de fin de a\u00f1o, bailaban para finalmente plantarle fuego.<\/p>\n<p>A mediados del siglo XVI empez\u00f3 a hacerse con abetos y ya por estas fechas, en Alemania, empezaron a llevar esta tradici\u00f3n al interior de las casas.<\/p>\n<p>Lo de emplear abetos como s\u00edmbolo de la Navidad es por una raz\u00f3n cristiana. Su origen est\u00e1 en Bonifacio, un misionero cristiano que quiso adoptar la costumbre pagana de adornar \u00a0y ofrecer sacrificios a \u00e1rboles que representaban a los diferentes dioses, ya que vio que no pod\u00eda deshacer esos rituales paganos.<\/p>\n<p>Exist\u00eda un roble que representaba al dios Thor. Bonifacio lo tal\u00f3 delante de todos los all\u00ed presentes y a cambio, plant\u00f3 un abeto en s\u00edmbolo de paz. Seg\u00fan dicen, escogi\u00f3 el abeto porque sus hojas est\u00e1n siempre verdes y porque su copa se\u00f1ala al cielo.<\/p>\n<p><img loading=\"lazy\" decoding=\"async\" class=\"size-medium wp-image-979 aligncenter\" src=\"http:\/\/ceradecolores.com\/blog\/wp-content\/uploads\/2017\/12\/arbol_navidad2_ceradecolores_BLOG-840x560.jpg\" alt=\"\" width=\"840\" height=\"560\" srcset=\"https:\/\/ceradecolores.com\/blog\/wp-content\/uploads\/2017\/12\/arbol_navidad2_ceradecolores_BLOG-840x560.jpg 840w, https:\/\/ceradecolores.com\/blog\/wp-content\/uploads\/2017\/12\/arbol_navidad2_ceradecolores_BLOG-768x512.jpg 768w, https:\/\/ceradecolores.com\/blog\/wp-content\/uploads\/2017\/12\/arbol_navidad2_ceradecolores_BLOG-900x600.jpg 900w, https:\/\/ceradecolores.com\/blog\/wp-content\/uploads\/2017\/12\/arbol_navidad2_ceradecolores_BLOG.jpg 1024w\" sizes=\"(max-width: 840px) 100vw, 840px\" \/><\/p>\n<p>Sobre los adornos del \u00e1rbol de Navidad: \u00a0dicen que al principios eran decorados con comestibles, panes de jengibre y frutas. En 1586 el alem\u00e1n Hans Greiner produjo los primeros adornos en cristal.<\/p>\n<p>Hasta mediados del siglo XX todos los adornos de Navidad eran producidos manualmente en la regi\u00f3n de Lauscha en Alemania y, a partir de 1940, industrialmente en Estados Unidos y Jap\u00f3n.<\/p>\n<p>Como origen cristiano de las luces de Navidad tambi\u00e9n hay relaci\u00f3n con los primeros adornos de los abetos. Los decoraban con manzanas que representaban el pecado y con velas que simbolizaban el perd\u00f3n y la luz de Dios. Las luces que empleamos hoy en d\u00eda proceden de esas velas.<\/p>\n<p><span style=\"color: #273995;\"><em>\u00bfY t\u00fa?, \u00bfconoc\u00edas los or\u00edgenes del \u00e1rbol de Navidad? \u00bfSabes alguna historia m\u00e1s en relaci\u00f3n a la Navidad? \u00a1Estar\u00e9 encantada de aprender!<\/em><\/span><\/p>\n","protected":false},"excerpt":{"rendered":"<p>Buscar el origen de las tradiciones y poder compartirlas con nuestros peques le aportan un sentido y unas ra\u00edces muy necesarias hoy en d\u00eda.\u00a0<\/p>\n","protected":false},"author":1,"featured_media":985,"comment_status":"open","ping_status":"open","sticky":false,"template":"","format":"standard","meta":{"footnotes":""},"categories":[4],"tags":[147,145,148,149],"_links":{"self":[{"href":"https:\/\/ceradecolores.com\/blog\/wp-json\/wp\/v2\/posts\/976"}],"collection":[{"href":"https:\/\/ceradecolores.com\/blog\/wp-json\/wp\/v2\/posts"}],"about":[{"href":"https:\/\/ceradecolores.com\/blog\/wp-json\/wp\/v2\/types\/post"}],"author":[{"embeddable":true,"href":"https:\/\/ceradecolores.com\/blog\/wp-json\/wp\/v2\/users\/1"}],"replies":[{"embeddable":true,"href":"https:\/\/ceradecolores.com\/blog\/wp-json\/wp\/v2\/comments?post=976"}],"version-history":[{"count":5,"href":"https:\/\/ceradecolores.com\/blog\/wp-json\/wp\/v2\/posts\/976\/revisions"}],"predecessor-version":[{"id":988,"href":"https:\/\/ceradecolores.com\/blog\/wp-json\/wp\/v2\/posts\/976\/revisions\/988"}],"wp:featuredmedia":[{"embeddable":true,"href":"https:\/\/ceradecolores.com\/blog\/wp-json\/wp\/v2\/media\/985"}],"wp:attachment":[{"href":"https:\/\/ceradecolores.com\/blog\/wp-json\/wp\/v2\/media?parent=976"}],"wp:term":[{"taxonomy":"category","embeddable":true,"href":"https:\/\/ceradecolores.com\/blog\/wp-json\/wp\/v2\/categories?post=976"},{"taxonomy":"post_tag","embeddable":true,"href":"https:\/\/ceradecolores.com\/blog\/wp-json\/wp\/v2\/tags?post=976"}],"curies":[{"name":"wp","href":"https:\/\/api.w.org\/{rel}","templated":true}]}}